{"id":652,"date":"2024-05-12T07:16:07","date_gmt":"2024-05-12T10:16:07","guid":{"rendered":"https:\/\/otaviocoutinho.online\/arquitetura\/?p=652"},"modified":"2024-05-12T12:27:30","modified_gmt":"2024-05-12T15:27:30","slug":"escola-moderna","status":"publish","type":"post","link":"https:\/\/otaviocoutinho.online\/arquitetura\/escola-moderna\/","title":{"rendered":"Escola moderna"},"content":{"rendered":"\n<figure class=\"wp-block-image alignfull size-full has-custom-border is-style-editorskit-shadow\"><img fetchpriority=\"high\" decoding=\"async\" width=\"1290\" height=\"737\" src=\"https:\/\/otaviocoutinho.online\/arquitetura\/wp-content\/uploads\/2024\/05\/vista-interna-escola-1290x737-1.jpg\" alt=\"\" class=\"wp-image-755\" style=\"border-top-color:var(--wp--preset--color--white);border-top-width:40px;border-right-color:var(--wp--preset--color--ast-global-color-4);border-bottom-color:var(--wp--preset--color--white);border-bottom-width:20px;border-left-color:var(--wp--preset--color--ast-global-color-4)\" srcset=\"https:\/\/otaviocoutinho.online\/arquitetura\/wp-content\/uploads\/2024\/05\/vista-interna-escola-1290x737-1.jpg 1290w, https:\/\/otaviocoutinho.online\/arquitetura\/wp-content\/uploads\/2024\/05\/vista-interna-escola-1290x737-1-300x171.jpg 300w, https:\/\/otaviocoutinho.online\/arquitetura\/wp-content\/uploads\/2024\/05\/vista-interna-escola-1290x737-1-1024x585.jpg 1024w, https:\/\/otaviocoutinho.online\/arquitetura\/wp-content\/uploads\/2024\/05\/vista-interna-escola-1290x737-1-768x439.jpg 768w\" sizes=\"(max-width: 1290px) 100vw, 1290px\" \/><\/figure>\n\n\n\n<h2 class=\"wp-block-heading\">Et harum quidem rerum facilis est et expedita distinctio<\/h2>\n\n\n\n<p class=\"has-text-align-justify\">Lorem ipsum dolor sit amet, consectetur adipiscing elit. Proin aliquam dolor nec tempor dapibus. Vestibulum pellentesque elementum ex, vel feugiat nulla vulputate at. Nullam placerat magna vel orci aliquam, in consectetur turpis elementum. Fusce suscipit nisi a diam viverra laoreet. Etiam et magna quis dolor fringilla faucibus at vel tortor. Phasellus consectetur, nulla at gravida porttitor, metus sapien tempus nulla, ac dignissim tortor libero quis arcu. Nunc auctor suscipit maximus. Donec facilisis porta elit interdum vulputate. Donec euismod, quam ac commodo feugiat, erat ipsum aliquam urna, id laoreet arcu nunc eget augue. Vivamus quis blandit odio, sed ornare sapien. Nullam ut nisi libero. Pellentesque a felis sed ex lacinia venenatis. Phasellus semper est eros, non euismod quam porta a. Ut vehicula risus in orci pulvinar, sit amet placerat magna finibus. Suspendisse vel dui fringilla, accumsan odio ac, rhoncus ex.<\/p>\n\n\n\n<h3 class=\"wp-block-heading\">Nam libero tempore<\/h3>\n\n\n\n<p class=\"has-text-align-justify\">Morbi molestie dignissim convallis. Suspendisse vitae risus blandit eros semper aliquet. Aliquam ex dolor, lacinia quis nulla eget, bibendum volutpat nulla. Phasellus massa est, posuere ut ex vel, tincidunt viverra erat. Sed egestas neque at nisi pulvinar, eu molestie velit interdum. Cras vulputate, tortor vel dapibus laoreet, magna eros eleifend nulla, a cursus enim nibh eget libero. In id lacus fermentum, luctus quam eget, dictum libero. Vivamus gravida porttitor egestas. Suspendisse potenti.<\/p>\n\n\n\n<h4 class=\"wp-block-heading\">Temporibus autem quibusdam et aut officiis<\/h4>\n\n\n\n<p class=\"has-text-align-justify\">Sed eleifend enim et erat suscipit fermentum. Nullam quis ullamcorper neque, eget hendrerit sem. Duis convallis ac sem ut semper. In eleifend purus sit amet leo vestibulum, nec euismod purus commodo. Vestibulum condimentum lacus libero. Nunc accumsan tincidunt ligula sit amet tincidunt. Suspendisse fermentum, nulla laoreet venenatis molestie, quam risus pretium erat, fringilla cursus dui quam id nisl. Etiam enim magna, accumsan id fermentum non, pretium eget ante. Sed consectetur sollicitudin sapien, nec hendrerit nibh maximus eget. Maecenas eleifend urna ante, quis lacinia ligula pretium sed. Fusce sed commodo libero. Vestibulum ac justo sed ex rhoncus posuere et eget elit. Suspendisse rhoncus ante interdum dui hendrerit sagittis. Praesent laoreet augue in magna dignissim, scelerisque suscipit felis porta.<\/p>\n\n\n\n<p class=\"has-text-align-justify\">Morbi molestie dignissim convallis. Suspendisse vitae risus blandit eros semper aliquet. Aliquam ex dolor, lacinia quis nulla eget, bibendum volutpat nulla. Phasellus massa est, posuere ut ex vel, tincidunt viverra erat. Sed egestas neque at nisi pulvinar, eu molestie velit interdum. Cras vulputate, tortor vel dapibus laoreet, magna eros eleifend nulla, a cursus enim nibh eget libero. In id lacus fermentum, luctus quam eget, dictum libero. Vivamus gravida porttitor egestas. Suspendisse potenti.<\/p>\n\n\n\n<p><\/p>\n","protected":false},"excerpt":{"rendered":"<p>PROPRIET\u00c1RIO:<br \/>\nGreenhalgh Family<\/p>\n<p>LOCALIZA\u00c7\u00c3O:<br \/>\nSamui Islanda, Suratthani, Thailand<\/p>\n<p>NATUREZA DO PROJETO:<br \/>\nHabita\u00e7\u00e3o<\/p>\n<p>\u00c1REA CONSTRU\u00cdDA:<br \/>\n1.000 M\u00b2<\/p>\n<p>CUSTO:<br \/>\nR$ 1,00<\/p>\n","protected":false},"author":1,"featured_media":789,"comment_status":"open","ping_status":"open","sticky":false,"template":"","format":"standard","meta":{"_editorskit_title_hidden":false,"_editorskit_reading_time":0,"_editorskit_is_block_options_detached":false,"_editorskit_block_options_position":"{}","_eb_attr":"","site-sidebar-layout":"default","site-content-layout":"","ast-site-content-layout":"default","site-content-style":"default","site-sidebar-style":"default","ast-global-header-display":"","ast-banner-title-visibility":"","ast-main-header-display":"","ast-hfb-above-header-display":"","ast-hfb-below-header-display":"","ast-hfb-mobile-header-display":"","site-post-title":"","ast-breadcrumbs-content":"","ast-featured-img":"","footer-sml-layout":"","ast-disable-related-posts":"","theme-transparent-header-meta":"","adv-header-id-meta":"","stick-header-meta":"","header-above-stick-meta":"","header-main-stick-meta":"","header-below-stick-meta":"","astra-migrate-meta-layouts":"default","ast-page-background-enabled":"default","ast-page-background-meta":{"desktop":{"background-color":"var(--ast-global-color-4)","background-image":"","background-repeat":"repeat","background-position":"center center","background-size":"auto","background-attachment":"scroll","background-type":"","background-media":"","overlay-type":"","overlay-color":"","overlay-opacity":"","overlay-gradient":""},"tablet":{"background-color":"","background-image":"","background-repeat":"repeat","background-position":"center center","background-size":"auto","background-attachment":"scroll","background-type":"","background-media":"","overlay-type":"","overlay-color":"","overlay-opacity":"","overlay-gradient":""},"mobile":{"background-color":"","background-image":"","background-repeat":"repeat","background-position":"center center","background-size":"auto","background-attachment":"scroll","background-type":"","background-media":"","overlay-type":"","overlay-color":"","overlay-opacity":"","overlay-gradient":""}},"ast-content-background-meta":{"desktop":{"background-color":"var(--ast-global-color-5)","background-image":"","background-repeat":"repeat","background-position":"center center","background-size":"auto","background-attachment":"scroll","background-type":"","background-media":"","overlay-type":"","overlay-color":"","overlay-opacity":"","overlay-gradient":""},"tablet":{"background-color":"var(--ast-global-color-5)","background-image":"","background-repeat":"repeat","background-position":"center center","background-size":"auto","background-attachment":"scroll","background-type":"","background-media":"","overlay-type":"","overlay-color":"","overlay-opacity":"","overlay-gradient":""},"mobile":{"background-color":"var(--ast-global-color-5)","background-image":"","background-repeat":"repeat","background-position":"center center","background-size":"auto","background-attachment":"scroll","background-type":"","background-media":"","overlay-type":"","overlay-color":"","overlay-opacity":"","overlay-gradient":""}},"footnotes":""},"categories":[6],"tags":[],"class_list":["post-652","post","type-post","status-publish","format-standard","has-post-thumbnail","hentry","category-projetos"],"yoast_head":"<!-- This site is optimized with the Yoast SEO plugin v27.4 - https:\/\/yoast.com\/product\/yoast-seo-wordpress\/ -->\n<title>Escola moderna - ARQ E URB<\/title>\n<meta name=\"robots\" content=\"index, follow, max-snippet:-1, max-image-preview:large, max-video-preview:-1\" \/>\n<link rel=\"canonical\" href=\"https:\/\/otaviocoutinho.online\/arquitetura\/escola-moderna\/\" \/>\n<meta property=\"og:locale\" content=\"en_US\" \/>\n<meta property=\"og:type\" content=\"article\" \/>\n<meta property=\"og:title\" content=\"Escola moderna - ARQ E URB\" \/>\n<meta property=\"og:description\" content=\"PROPRIET\u00c1RIO: Greenhalgh Family LOCALIZA\u00c7\u00c3O: Samui Islanda, Suratthani, Thailand NATUREZA DO PROJETO: Habita\u00e7\u00e3o \u00c1REA CONSTRU\u00cdDA: 1.000 M\u00b2 CUSTO: R$ 1,00\" \/>\n<meta property=\"og:url\" content=\"https:\/\/otaviocoutinho.online\/arquitetura\/escola-moderna\/\" \/>\n<meta property=\"og:site_name\" content=\"ARQ E URB\" \/>\n<meta property=\"article:published_time\" content=\"2024-05-12T10:16:07+00:00\" \/>\n<meta property=\"article:modified_time\" content=\"2024-05-12T15:27:30+00:00\" \/>\n<meta property=\"og:image\" content=\"https:\/\/otaviocoutinho.online\/arquitetura\/wp-content\/uploads\/2024\/05\/vista-interna-de-escola-300x300-imagem-destacada.jpg\" \/>\n\t<meta property=\"og:image:width\" content=\"300\" \/>\n\t<meta property=\"og:image:height\" content=\"300\" \/>\n\t<meta property=\"og:image:type\" content=\"image\/jpeg\" \/>\n<meta name=\"author\" content=\"otgoias\" \/>\n<meta name=\"twitter:card\" content=\"summary_large_image\" \/>\n<meta name=\"twitter:label1\" content=\"Written by\" \/>\n\t<meta name=\"twitter:data1\" content=\"otgoias\" \/>\n\t<meta name=\"twitter:label2\" content=\"Est. reading time\" \/>\n\t<meta name=\"twitter:data2\" content=\"3 minutes\" \/>\n<script type=\"application\/ld+json\" class=\"yoast-schema-graph\">{\"@context\":\"https:\\\/\\\/schema.org\",\"@graph\":[{\"@type\":\"Article\",\"@id\":\"https:\\\/\\\/otaviocoutinho.online\\\/arquitetura\\\/escola-moderna\\\/#article\",\"isPartOf\":{\"@id\":\"https:\\\/\\\/otaviocoutinho.online\\\/arquitetura\\\/escola-moderna\\\/\"},\"author\":{\"name\":\"otgoias\",\"@id\":\"https:\\\/\\\/otaviocoutinho.online\\\/arquitetura\\\/#\\\/schema\\\/person\\\/de8c8db014a361702724914604fe5d53\"},\"headline\":\"Escola moderna\",\"datePublished\":\"2024-05-12T10:16:07+00:00\",\"dateModified\":\"2024-05-12T15:27:30+00:00\",\"mainEntityOfPage\":{\"@id\":\"https:\\\/\\\/otaviocoutinho.online\\\/arquitetura\\\/escola-moderna\\\/\"},\"wordCount\":420,\"commentCount\":0,\"publisher\":{\"@id\":\"https:\\\/\\\/otaviocoutinho.online\\\/arquitetura\\\/#organization\"},\"image\":{\"@id\":\"https:\\\/\\\/otaviocoutinho.online\\\/arquitetura\\\/escola-moderna\\\/#primaryimage\"},\"thumbnailUrl\":\"https:\\\/\\\/otaviocoutinho.online\\\/arquitetura\\\/wp-content\\\/uploads\\\/2024\\\/05\\\/vista-interna-de-escola-300x300-imagem-destacada.jpg\",\"articleSection\":[\"projetos\"],\"inLanguage\":\"en-US\",\"potentialAction\":[{\"@type\":\"CommentAction\",\"name\":\"Comment\",\"target\":[\"https:\\\/\\\/otaviocoutinho.online\\\/arquitetura\\\/escola-moderna\\\/#respond\"]}]},{\"@type\":\"WebPage\",\"@id\":\"https:\\\/\\\/otaviocoutinho.online\\\/arquitetura\\\/escola-moderna\\\/\",\"url\":\"https:\\\/\\\/otaviocoutinho.online\\\/arquitetura\\\/escola-moderna\\\/\",\"name\":\"Escola moderna - ARQ E URB\",\"isPartOf\":{\"@id\":\"https:\\\/\\\/otaviocoutinho.online\\\/arquitetura\\\/#website\"},\"primaryImageOfPage\":{\"@id\":\"https:\\\/\\\/otaviocoutinho.online\\\/arquitetura\\\/escola-moderna\\\/#primaryimage\"},\"image\":{\"@id\":\"https:\\\/\\\/otaviocoutinho.online\\\/arquitetura\\\/escola-moderna\\\/#primaryimage\"},\"thumbnailUrl\":\"https:\\\/\\\/otaviocoutinho.online\\\/arquitetura\\\/wp-content\\\/uploads\\\/2024\\\/05\\\/vista-interna-de-escola-300x300-imagem-destacada.jpg\",\"datePublished\":\"2024-05-12T10:16:07+00:00\",\"dateModified\":\"2024-05-12T15:27:30+00:00\",\"breadcrumb\":{\"@id\":\"https:\\\/\\\/otaviocoutinho.online\\\/arquitetura\\\/escola-moderna\\\/#breadcrumb\"},\"inLanguage\":\"en-US\",\"potentialAction\":[{\"@type\":\"ReadAction\",\"target\":[\"https:\\\/\\\/otaviocoutinho.online\\\/arquitetura\\\/escola-moderna\\\/\"]}]},{\"@type\":\"ImageObject\",\"inLanguage\":\"en-US\",\"@id\":\"https:\\\/\\\/otaviocoutinho.online\\\/arquitetura\\\/escola-moderna\\\/#primaryimage\",\"url\":\"https:\\\/\\\/otaviocoutinho.online\\\/arquitetura\\\/wp-content\\\/uploads\\\/2024\\\/05\\\/vista-interna-de-escola-300x300-imagem-destacada.jpg\",\"contentUrl\":\"https:\\\/\\\/otaviocoutinho.online\\\/arquitetura\\\/wp-content\\\/uploads\\\/2024\\\/05\\\/vista-interna-de-escola-300x300-imagem-destacada.jpg\",\"width\":300,\"height\":300},{\"@type\":\"BreadcrumbList\",\"@id\":\"https:\\\/\\\/otaviocoutinho.online\\\/arquitetura\\\/escola-moderna\\\/#breadcrumb\",\"itemListElement\":[{\"@type\":\"ListItem\",\"position\":1,\"name\":\"In\u00edcio\",\"item\":\"https:\\\/\\\/otaviocoutinho.online\\\/arquitetura\\\/\"},{\"@type\":\"ListItem\",\"position\":2,\"name\":\"Escola moderna\"}]},{\"@type\":\"WebSite\",\"@id\":\"https:\\\/\\\/otaviocoutinho.online\\\/arquitetura\\\/#website\",\"url\":\"https:\\\/\\\/otaviocoutinho.online\\\/arquitetura\\\/\",\"name\":\"ARQ E URB\",\"description\":\"Est\u00fadio de Arquitetura &amp; Urbanismo\",\"publisher\":{\"@id\":\"https:\\\/\\\/otaviocoutinho.online\\\/arquitetura\\\/#organization\"},\"potentialAction\":[{\"@type\":\"SearchAction\",\"target\":{\"@type\":\"EntryPoint\",\"urlTemplate\":\"https:\\\/\\\/otaviocoutinho.online\\\/arquitetura\\\/?s={search_term_string}\"},\"query-input\":{\"@type\":\"PropertyValueSpecification\",\"valueRequired\":true,\"valueName\":\"search_term_string\"}}],\"inLanguage\":\"en-US\"},{\"@type\":\"Organization\",\"@id\":\"https:\\\/\\\/otaviocoutinho.online\\\/arquitetura\\\/#organization\",\"name\":\"ARQ E URB\",\"url\":\"https:\\\/\\\/otaviocoutinho.online\\\/arquitetura\\\/\",\"logo\":{\"@type\":\"ImageObject\",\"inLanguage\":\"en-US\",\"@id\":\"https:\\\/\\\/otaviocoutinho.online\\\/arquitetura\\\/#\\\/schema\\\/logo\\\/image\\\/\",\"url\":\"https:\\\/\\\/otaviocoutinho.online\\\/arquitetura\\\/wp-content\\\/uploads\\\/2024\\\/05\\\/cropped-arqurb.png\",\"contentUrl\":\"https:\\\/\\\/otaviocoutinho.online\\\/arquitetura\\\/wp-content\\\/uploads\\\/2024\\\/05\\\/cropped-arqurb.png\",\"width\":1080,\"height\":1080,\"caption\":\"ARQ E URB\"},\"image\":{\"@id\":\"https:\\\/\\\/otaviocoutinho.online\\\/arquitetura\\\/#\\\/schema\\\/logo\\\/image\\\/\"}},{\"@type\":\"Person\",\"@id\":\"https:\\\/\\\/otaviocoutinho.online\\\/arquitetura\\\/#\\\/schema\\\/person\\\/de8c8db014a361702724914604fe5d53\",\"name\":\"otgoias\",\"image\":{\"@type\":\"ImageObject\",\"inLanguage\":\"en-US\",\"@id\":\"https:\\\/\\\/secure.gravatar.com\\\/avatar\\\/7ee942894aae052661cbb0279c4a287815ad063b5be78de3927bcb42a05eb657?s=96&d=mm&r=g\",\"url\":\"https:\\\/\\\/secure.gravatar.com\\\/avatar\\\/7ee942894aae052661cbb0279c4a287815ad063b5be78de3927bcb42a05eb657?s=96&d=mm&r=g\",\"contentUrl\":\"https:\\\/\\\/secure.gravatar.com\\\/avatar\\\/7ee942894aae052661cbb0279c4a287815ad063b5be78de3927bcb42a05eb657?s=96&d=mm&r=g\",\"caption\":\"otgoias\"},\"sameAs\":[\"https:\\\/\\\/otaviocoutinho.online\\\/arquitetura\"],\"url\":\"https:\\\/\\\/otaviocoutinho.online\\\/arquitetura\\\/author\\\/otgoias\\\/\"}]}<\/script>\n<!-- \/ Yoast SEO plugin. -->","yoast_head_json":{"title":"Escola moderna - ARQ E URB","robots":{"index":"index","follow":"follow","max-snippet":"max-snippet:-1","max-image-preview":"max-image-preview:large","max-video-preview":"max-video-preview:-1"},"canonical":"https:\/\/otaviocoutinho.online\/arquitetura\/escola-moderna\/","og_locale":"en_US","og_type":"article","og_title":"Escola moderna - ARQ E URB","og_description":"PROPRIET\u00c1RIO: Greenhalgh Family LOCALIZA\u00c7\u00c3O: Samui Islanda, Suratthani, Thailand NATUREZA DO PROJETO: Habita\u00e7\u00e3o \u00c1REA CONSTRU\u00cdDA: 1.000 M\u00b2 CUSTO: R$ 1,00","og_url":"https:\/\/otaviocoutinho.online\/arquitetura\/escola-moderna\/","og_site_name":"ARQ E URB","article_published_time":"2024-05-12T10:16:07+00:00","article_modified_time":"2024-05-12T15:27:30+00:00","og_image":[{"width":300,"height":300,"url":"https:\/\/otaviocoutinho.online\/arquitetura\/wp-content\/uploads\/2024\/05\/vista-interna-de-escola-300x300-imagem-destacada.jpg","type":"image\/jpeg"}],"author":"otgoias","twitter_card":"summary_large_image","twitter_misc":{"Written by":"otgoias","Est. reading time":"3 minutes"},"schema":{"@context":"https:\/\/schema.org","@graph":[{"@type":"Article","@id":"https:\/\/otaviocoutinho.online\/arquitetura\/escola-moderna\/#article","isPartOf":{"@id":"https:\/\/otaviocoutinho.online\/arquitetura\/escola-moderna\/"},"author":{"name":"otgoias","@id":"https:\/\/otaviocoutinho.online\/arquitetura\/#\/schema\/person\/de8c8db014a361702724914604fe5d53"},"headline":"Escola moderna","datePublished":"2024-05-12T10:16:07+00:00","dateModified":"2024-05-12T15:27:30+00:00","mainEntityOfPage":{"@id":"https:\/\/otaviocoutinho.online\/arquitetura\/escola-moderna\/"},"wordCount":420,"commentCount":0,"publisher":{"@id":"https:\/\/otaviocoutinho.online\/arquitetura\/#organization"},"image":{"@id":"https:\/\/otaviocoutinho.online\/arquitetura\/escola-moderna\/#primaryimage"},"thumbnailUrl":"https:\/\/otaviocoutinho.online\/arquitetura\/wp-content\/uploads\/2024\/05\/vista-interna-de-escola-300x300-imagem-destacada.jpg","articleSection":["projetos"],"inLanguage":"en-US","potentialAction":[{"@type":"CommentAction","name":"Comment","target":["https:\/\/otaviocoutinho.online\/arquitetura\/escola-moderna\/#respond"]}]},{"@type":"WebPage","@id":"https:\/\/otaviocoutinho.online\/arquitetura\/escola-moderna\/","url":"https:\/\/otaviocoutinho.online\/arquitetura\/escola-moderna\/","name":"Escola moderna - ARQ E URB","isPartOf":{"@id":"https:\/\/otaviocoutinho.online\/arquitetura\/#website"},"primaryImageOfPage":{"@id":"https:\/\/otaviocoutinho.online\/arquitetura\/escola-moderna\/#primaryimage"},"image":{"@id":"https:\/\/otaviocoutinho.online\/arquitetura\/escola-moderna\/#primaryimage"},"thumbnailUrl":"https:\/\/otaviocoutinho.online\/arquitetura\/wp-content\/uploads\/2024\/05\/vista-interna-de-escola-300x300-imagem-destacada.jpg","datePublished":"2024-05-12T10:16:07+00:00","dateModified":"2024-05-12T15:27:30+00:00","breadcrumb":{"@id":"https:\/\/otaviocoutinho.online\/arquitetura\/escola-moderna\/#breadcrumb"},"inLanguage":"en-US","potentialAction":[{"@type":"ReadAction","target":["https:\/\/otaviocoutinho.online\/arquitetura\/escola-moderna\/"]}]},{"@type":"ImageObject","inLanguage":"en-US","@id":"https:\/\/otaviocoutinho.online\/arquitetura\/escola-moderna\/#primaryimage","url":"https:\/\/otaviocoutinho.online\/arquitetura\/wp-content\/uploads\/2024\/05\/vista-interna-de-escola-300x300-imagem-destacada.jpg","contentUrl":"https:\/\/otaviocoutinho.online\/arquitetura\/wp-content\/uploads\/2024\/05\/vista-interna-de-escola-300x300-imagem-destacada.jpg","width":300,"height":300},{"@type":"BreadcrumbList","@id":"https:\/\/otaviocoutinho.online\/arquitetura\/escola-moderna\/#breadcrumb","itemListElement":[{"@type":"ListItem","position":1,"name":"In\u00edcio","item":"https:\/\/otaviocoutinho.online\/arquitetura\/"},{"@type":"ListItem","position":2,"name":"Escola moderna"}]},{"@type":"WebSite","@id":"https:\/\/otaviocoutinho.online\/arquitetura\/#website","url":"https:\/\/otaviocoutinho.online\/arquitetura\/","name":"ARQ E URB","description":"Est\u00fadio de Arquitetura &amp; Urbanismo","publisher":{"@id":"https:\/\/otaviocoutinho.online\/arquitetura\/#organization"},"potentialAction":[{"@type":"SearchAction","target":{"@type":"EntryPoint","urlTemplate":"https:\/\/otaviocoutinho.online\/arquitetura\/?s={search_term_string}"},"query-input":{"@type":"PropertyValueSpecification","valueRequired":true,"valueName":"search_term_string"}}],"inLanguage":"en-US"},{"@type":"Organization","@id":"https:\/\/otaviocoutinho.online\/arquitetura\/#organization","name":"ARQ E URB","url":"https:\/\/otaviocoutinho.online\/arquitetura\/","logo":{"@type":"ImageObject","inLanguage":"en-US","@id":"https:\/\/otaviocoutinho.online\/arquitetura\/#\/schema\/logo\/image\/","url":"https:\/\/otaviocoutinho.online\/arquitetura\/wp-content\/uploads\/2024\/05\/cropped-arqurb.png","contentUrl":"https:\/\/otaviocoutinho.online\/arquitetura\/wp-content\/uploads\/2024\/05\/cropped-arqurb.png","width":1080,"height":1080,"caption":"ARQ E URB"},"image":{"@id":"https:\/\/otaviocoutinho.online\/arquitetura\/#\/schema\/logo\/image\/"}},{"@type":"Person","@id":"https:\/\/otaviocoutinho.online\/arquitetura\/#\/schema\/person\/de8c8db014a361702724914604fe5d53","name":"otgoias","image":{"@type":"ImageObject","inLanguage":"en-US","@id":"https:\/\/secure.gravatar.com\/avatar\/7ee942894aae052661cbb0279c4a287815ad063b5be78de3927bcb42a05eb657?s=96&d=mm&r=g","url":"https:\/\/secure.gravatar.com\/avatar\/7ee942894aae052661cbb0279c4a287815ad063b5be78de3927bcb42a05eb657?s=96&d=mm&r=g","contentUrl":"https:\/\/secure.gravatar.com\/avatar\/7ee942894aae052661cbb0279c4a287815ad063b5be78de3927bcb42a05eb657?s=96&d=mm&r=g","caption":"otgoias"},"sameAs":["https:\/\/otaviocoutinho.online\/arquitetura"],"url":"https:\/\/otaviocoutinho.online\/arquitetura\/author\/otgoias\/"}]}},"_links":{"self":[{"href":"https:\/\/otaviocoutinho.online\/arquitetura\/wp-json\/wp\/v2\/posts\/652","targetHints":{"allow":["GET"]}}],"collection":[{"href":"https:\/\/otaviocoutinho.online\/arquitetura\/wp-json\/wp\/v2\/posts"}],"about":[{"href":"https:\/\/otaviocoutinho.online\/arquitetura\/wp-json\/wp\/v2\/types\/post"}],"author":[{"embeddable":true,"href":"https:\/\/otaviocoutinho.online\/arquitetura\/wp-json\/wp\/v2\/users\/1"}],"replies":[{"embeddable":true,"href":"https:\/\/otaviocoutinho.online\/arquitetura\/wp-json\/wp\/v2\/comments?post=652"}],"version-history":[{"count":16,"href":"https:\/\/otaviocoutinho.online\/arquitetura\/wp-json\/wp\/v2\/posts\/652\/revisions"}],"predecessor-version":[{"id":808,"href":"https:\/\/otaviocoutinho.online\/arquitetura\/wp-json\/wp\/v2\/posts\/652\/revisions\/808"}],"wp:featuredmedia":[{"embeddable":true,"href":"https:\/\/otaviocoutinho.online\/arquitetura\/wp-json\/wp\/v2\/media\/789"}],"wp:attachment":[{"href":"https:\/\/otaviocoutinho.online\/arquitetura\/wp-json\/wp\/v2\/media?parent=652"}],"wp:term":[{"taxonomy":"category","embeddable":true,"href":"https:\/\/otaviocoutinho.online\/arquitetura\/wp-json\/wp\/v2\/categories?post=652"},{"taxonomy":"post_tag","embeddable":true,"href":"https:\/\/otaviocoutinho.online\/arquitetura\/wp-json\/wp\/v2\/tags?post=652"}],"curies":[{"name":"wp","href":"https:\/\/api.w.org\/{rel}","templated":true}]}}