{"id":831,"date":"2024-05-12T14:23:24","date_gmt":"2024-05-12T17:23:24","guid":{"rendered":"https:\/\/otaviocoutinho.online\/arquitetura\/?p=831"},"modified":"2024-05-12T14:34:44","modified_gmt":"2024-05-12T17:34:44","slug":"decoracao-de-entrada-com-estilo-moderno","status":"publish","type":"post","link":"https:\/\/otaviocoutinho.online\/arquitetura\/decoracao-de-entrada-com-estilo-moderno\/","title":{"rendered":"Decora\u00e7\u00e3o de entrada com estilo moderno"},"content":{"rendered":"\n<figure class=\"wp-block-image alignfull size-large has-custom-border\"><img fetchpriority=\"high\" decoding=\"async\" width=\"1024\" height=\"683\" src=\"https:\/\/otaviocoutinho.online\/arquitetura\/wp-content\/uploads\/2024\/05\/ai-gerado-de-entrada-de-estilo-moderno-decoracao-de-interiores-1024x683.jpg\" alt=\"\" class=\"wp-image-832\" style=\"border-top-color:var(--wp--preset--color--white);border-top-width:40px;border-right-color:var(--wp--preset--color--white);border-bottom-color:var(--wp--preset--color--white);border-bottom-width:20px;border-left-color:var(--wp--preset--color--white)\"\/><\/figure>\n\n\n\n<h2 class=\"wp-block-heading\">Phasellus semper est eros<\/h2>\n\n\n\n<p class=\"has-text-align-justify\">Lorem ipsum dolor sit amet, consectetur adipiscing elit. Proin aliquam dolor nec tempor dapibus. Vestibulum pellentesque elementum ex, vel feugiat nulla vulputate at. Nullam placerat magna vel orci aliquam, in consectetur turpis elementum. Fusce suscipit nisi a diam viverra laoreet. Etiam et magna quis dolor fringilla faucibus at vel tortor. Phasellus consectetur, nulla at gravida porttitor, metus sapien tempus nulla, ac dignissim tortor libero quis arcu. Nunc auctor suscipit maximus. Donec facilisis porta elit interdum vulputate. Donec euismod, quam ac commodo feugiat, erat ipsum aliquam urna, id laoreet arcu nunc eget augue. Vivamus quis blandit odio, sed ornare sapien. Nullam ut nisi libero. Pellentesque a felis sed ex lacinia venenatis. Phasellus semper est eros, non euismod quam porta a. Ut vehicula risus in orci pulvinar, sit amet placerat magna finibus. Suspendisse vel dui fringilla, accumsan odio ac, rhoncus ex.<\/p>\n\n\n\n<h3 class=\"wp-block-heading\">Cras vulputate, tortor vel dapibus laoreet<\/h3>\n\n\n\n<p class=\"has-text-align-justify\">Morbi molestie dignissim convallis. Suspendisse vitae risus blandit eros semper aliquet. Aliquam ex dolor, lacinia quis nulla eget, bibendum volutpat nulla. Phasellus massa est, posuere ut ex vel, tincidunt viverra erat. Sed egestas neque at nisi pulvinar, eu molestie velit interdum. Cras vulputate, tortor vel dapibus laoreet, magna eros eleifend nulla, a cursus enim nibh eget libero. In id lacus fermentum, luctus quam eget, dictum libero. Vivamus gravida porttitor egestas. Suspendisse potenti.<\/p>\n\n\n\n<h4 class=\"wp-block-heading\">Duis convallis ac sem ut semper<\/h4>\n\n\n\n<p class=\"has-text-align-justify\">Sed eleifend enim et erat suscipit fermentum. Nullam quis ullamcorper neque, eget hendrerit sem. Duis convallis ac sem ut semper. In eleifend purus sit amet leo vestibulum, nec euismod purus commodo. Vestibulum condimentum lacus libero. Nunc accumsan tincidunt ligula sit amet tincidunt. Suspendisse fermentum, nulla laoreet venenatis molestie, quam risus pretium erat, fringilla cursus dui quam id nisl. Etiam enim magna, accumsan id fermentum non, pretium eget ante. Sed consectetur sollicitudin sapien, nec hendrerit nibh maximus eget. Maecenas eleifend urna ante, quis lacinia ligula pretium sed. Fusce sed commodo libero. Vestibulum ac justo sed ex rhoncus posuere et eget elit. Suspendisse rhoncus ante interdum dui hendrerit sagittis. Praesent laoreet augue in magna dignissim, scelerisque suscipit felis porta.<\/p>\n\n\n\n<p class=\"has-text-align-justify\">Morbi molestie dignissim convallis. Suspendisse vitae risus blandit eros semper aliquet. Aliquam ex dolor, lacinia quis nulla eget, bibendum volutpat nulla. Phasellus massa est, posuere ut ex vel, tincidunt viverra erat. Sed egestas neque at nisi pulvinar, eu molestie velit interdum. Cras vulputate, tortor vel dapibus laoreet, magna eros eleifend nulla, a cursus enim nibh eget libero. In id lacus fermentum, luctus quam eget, dictum libero. Vivamus gravida porttitor egestas. Suspendisse potenti.<\/p>\n","protected":false},"excerpt":{"rendered":"<p>PROPRIET\u00c1RIO:<br \/>\nGreenhalgh Family<\/p>\n<p>LOCALIZA\u00c7\u00c3O:<br \/>\nSamui Islanda, Suratthani, Thailand<\/p>\n<p>NATUREZA DO PROJETO:<br \/>\nHabita\u00e7\u00e3o<\/p>\n<p>\u00c1REA CONSTRU\u00cdDA:<br \/>\n1.000 M\u00b2<\/p>\n<p>CUSTO:<br \/>\nR$ 1,00<\/p>\n","protected":false},"author":1,"featured_media":834,"comment_status":"open","ping_status":"open","sticky":false,"template":"","format":"standard","meta":{"_editorskit_title_hidden":false,"_editorskit_reading_time":0,"_editorskit_is_block_options_detached":false,"_editorskit_block_options_position":"{}","_eb_attr":"","site-sidebar-layout":"default","site-content-layout":"","ast-site-content-layout":"default","site-content-style":"default","site-sidebar-style":"default","ast-global-header-display":"","ast-banner-title-visibility":"","ast-main-header-display":"","ast-hfb-above-header-display":"","ast-hfb-below-header-display":"","ast-hfb-mobile-header-display":"","site-post-title":"","ast-breadcrumbs-content":"","ast-featured-img":"","footer-sml-layout":"","ast-disable-related-posts":"","theme-transparent-header-meta":"","adv-header-id-meta":"","stick-header-meta":"","header-above-stick-meta":"","header-main-stick-meta":"","header-below-stick-meta":"","astra-migrate-meta-layouts":"default","ast-page-background-enabled":"default","ast-page-background-meta":{"desktop":{"background-color":"var(--ast-global-color-4)","background-image":"","background-repeat":"repeat","background-position":"center center","background-size":"auto","background-attachment":"scroll","background-type":"","background-media":"","overlay-type":"","overlay-color":"","overlay-opacity":"","overlay-gradient":""},"tablet":{"background-color":"","background-image":"","background-repeat":"repeat","background-position":"center center","background-size":"auto","background-attachment":"scroll","background-type":"","background-media":"","overlay-type":"","overlay-color":"","overlay-opacity":"","overlay-gradient":""},"mobile":{"background-color":"","background-image":"","background-repeat":"repeat","background-position":"center center","background-size":"auto","background-attachment":"scroll","background-type":"","background-media":"","overlay-type":"","overlay-color":"","overlay-opacity":"","overlay-gradient":""}},"ast-content-background-meta":{"desktop":{"background-color":"var(--ast-global-color-5)","background-image":"","background-repeat":"repeat","background-position":"center center","background-size":"auto","background-attachment":"scroll","background-type":"","background-media":"","overlay-type":"","overlay-color":"","overlay-opacity":"","overlay-gradient":""},"tablet":{"background-color":"var(--ast-global-color-5)","background-image":"","background-repeat":"repeat","background-position":"center center","background-size":"auto","background-attachment":"scroll","background-type":"","background-media":"","overlay-type":"","overlay-color":"","overlay-opacity":"","overlay-gradient":""},"mobile":{"background-color":"var(--ast-global-color-5)","background-image":"","background-repeat":"repeat","background-position":"center center","background-size":"auto","background-attachment":"scroll","background-type":"","background-media":"","overlay-type":"","overlay-color":"","overlay-opacity":"","overlay-gradient":""}},"footnotes":""},"categories":[6],"tags":[],"class_list":["post-831","post","type-post","status-publish","format-standard","has-post-thumbnail","hentry","category-projetos"],"yoast_head":"<!-- This site is optimized with the Yoast SEO plugin v27.4 - https:\/\/yoast.com\/product\/yoast-seo-wordpress\/ -->\n<title>Decora\u00e7\u00e3o de entrada com estilo moderno - ARQ E URB<\/title>\n<meta name=\"robots\" content=\"index, follow, max-snippet:-1, max-image-preview:large, max-video-preview:-1\" \/>\n<link rel=\"canonical\" href=\"https:\/\/otaviocoutinho.online\/arquitetura\/decoracao-de-entrada-com-estilo-moderno\/\" \/>\n<meta property=\"og:locale\" content=\"en_US\" \/>\n<meta property=\"og:type\" content=\"article\" \/>\n<meta property=\"og:title\" content=\"Decora\u00e7\u00e3o de entrada com estilo moderno - ARQ E URB\" \/>\n<meta property=\"og:description\" content=\"PROPRIET\u00c1RIO: Greenhalgh Family LOCALIZA\u00c7\u00c3O: Samui Islanda, Suratthani, Thailand NATUREZA DO PROJETO: Habita\u00e7\u00e3o \u00c1REA CONSTRU\u00cdDA: 1.000 M\u00b2 CUSTO: R$ 1,00\" \/>\n<meta property=\"og:url\" content=\"https:\/\/otaviocoutinho.online\/arquitetura\/decoracao-de-entrada-com-estilo-moderno\/\" \/>\n<meta property=\"og:site_name\" content=\"ARQ E URB\" \/>\n<meta property=\"article:published_time\" content=\"2024-05-12T17:23:24+00:00\" \/>\n<meta property=\"article:modified_time\" content=\"2024-05-12T17:34:44+00:00\" \/>\n<meta property=\"og:image\" content=\"https:\/\/otaviocoutinho.online\/arquitetura\/wp-content\/uploads\/2024\/05\/ai-gerado-de-entrada-de-estilo-moderno-decoracao-de-interiores-300x300-imagem-destacada.jpg\" \/>\n\t<meta property=\"og:image:width\" content=\"300\" \/>\n\t<meta property=\"og:image:height\" content=\"300\" \/>\n\t<meta property=\"og:image:type\" content=\"image\/jpeg\" \/>\n<meta name=\"author\" content=\"otgoias\" \/>\n<meta name=\"twitter:card\" content=\"summary_large_image\" \/>\n<meta name=\"twitter:label1\" content=\"Written by\" \/>\n\t<meta name=\"twitter:data1\" content=\"otgoias\" \/>\n\t<meta name=\"twitter:label2\" content=\"Est. reading time\" \/>\n\t<meta name=\"twitter:data2\" content=\"3 minutes\" \/>\n<script type=\"application\/ld+json\" class=\"yoast-schema-graph\">{\"@context\":\"https:\\\/\\\/schema.org\",\"@graph\":[{\"@type\":\"Article\",\"@id\":\"https:\\\/\\\/otaviocoutinho.online\\\/arquitetura\\\/decoracao-de-entrada-com-estilo-moderno\\\/#article\",\"isPartOf\":{\"@id\":\"https:\\\/\\\/otaviocoutinho.online\\\/arquitetura\\\/decoracao-de-entrada-com-estilo-moderno\\\/\"},\"author\":{\"name\":\"otgoias\",\"@id\":\"https:\\\/\\\/otaviocoutinho.online\\\/arquitetura\\\/#\\\/schema\\\/person\\\/de8c8db014a361702724914604fe5d53\"},\"headline\":\"Decora\u00e7\u00e3o de entrada com estilo moderno\",\"datePublished\":\"2024-05-12T17:23:24+00:00\",\"dateModified\":\"2024-05-12T17:34:44+00:00\",\"mainEntityOfPage\":{\"@id\":\"https:\\\/\\\/otaviocoutinho.online\\\/arquitetura\\\/decoracao-de-entrada-com-estilo-moderno\\\/\"},\"wordCount\":423,\"commentCount\":0,\"publisher\":{\"@id\":\"https:\\\/\\\/otaviocoutinho.online\\\/arquitetura\\\/#organization\"},\"image\":{\"@id\":\"https:\\\/\\\/otaviocoutinho.online\\\/arquitetura\\\/decoracao-de-entrada-com-estilo-moderno\\\/#primaryimage\"},\"thumbnailUrl\":\"https:\\\/\\\/otaviocoutinho.online\\\/arquitetura\\\/wp-content\\\/uploads\\\/2024\\\/05\\\/ai-gerado-de-entrada-de-estilo-moderno-decoracao-de-interiores-300x300-imagem-destacada.jpg\",\"articleSection\":[\"projetos\"],\"inLanguage\":\"en-US\",\"potentialAction\":[{\"@type\":\"CommentAction\",\"name\":\"Comment\",\"target\":[\"https:\\\/\\\/otaviocoutinho.online\\\/arquitetura\\\/decoracao-de-entrada-com-estilo-moderno\\\/#respond\"]}]},{\"@type\":\"WebPage\",\"@id\":\"https:\\\/\\\/otaviocoutinho.online\\\/arquitetura\\\/decoracao-de-entrada-com-estilo-moderno\\\/\",\"url\":\"https:\\\/\\\/otaviocoutinho.online\\\/arquitetura\\\/decoracao-de-entrada-com-estilo-moderno\\\/\",\"name\":\"Decora\u00e7\u00e3o de entrada com estilo moderno - ARQ E URB\",\"isPartOf\":{\"@id\":\"https:\\\/\\\/otaviocoutinho.online\\\/arquitetura\\\/#website\"},\"primaryImageOfPage\":{\"@id\":\"https:\\\/\\\/otaviocoutinho.online\\\/arquitetura\\\/decoracao-de-entrada-com-estilo-moderno\\\/#primaryimage\"},\"image\":{\"@id\":\"https:\\\/\\\/otaviocoutinho.online\\\/arquitetura\\\/decoracao-de-entrada-com-estilo-moderno\\\/#primaryimage\"},\"thumbnailUrl\":\"https:\\\/\\\/otaviocoutinho.online\\\/arquitetura\\\/wp-content\\\/uploads\\\/2024\\\/05\\\/ai-gerado-de-entrada-de-estilo-moderno-decoracao-de-interiores-300x300-imagem-destacada.jpg\",\"datePublished\":\"2024-05-12T17:23:24+00:00\",\"dateModified\":\"2024-05-12T17:34:44+00:00\",\"breadcrumb\":{\"@id\":\"https:\\\/\\\/otaviocoutinho.online\\\/arquitetura\\\/decoracao-de-entrada-com-estilo-moderno\\\/#breadcrumb\"},\"inLanguage\":\"en-US\",\"potentialAction\":[{\"@type\":\"ReadAction\",\"target\":[\"https:\\\/\\\/otaviocoutinho.online\\\/arquitetura\\\/decoracao-de-entrada-com-estilo-moderno\\\/\"]}]},{\"@type\":\"ImageObject\",\"inLanguage\":\"en-US\",\"@id\":\"https:\\\/\\\/otaviocoutinho.online\\\/arquitetura\\\/decoracao-de-entrada-com-estilo-moderno\\\/#primaryimage\",\"url\":\"https:\\\/\\\/otaviocoutinho.online\\\/arquitetura\\\/wp-content\\\/uploads\\\/2024\\\/05\\\/ai-gerado-de-entrada-de-estilo-moderno-decoracao-de-interiores-300x300-imagem-destacada.jpg\",\"contentUrl\":\"https:\\\/\\\/otaviocoutinho.online\\\/arquitetura\\\/wp-content\\\/uploads\\\/2024\\\/05\\\/ai-gerado-de-entrada-de-estilo-moderno-decoracao-de-interiores-300x300-imagem-destacada.jpg\",\"width\":300,\"height\":300},{\"@type\":\"BreadcrumbList\",\"@id\":\"https:\\\/\\\/otaviocoutinho.online\\\/arquitetura\\\/decoracao-de-entrada-com-estilo-moderno\\\/#breadcrumb\",\"itemListElement\":[{\"@type\":\"ListItem\",\"position\":1,\"name\":\"In\u00edcio\",\"item\":\"https:\\\/\\\/otaviocoutinho.online\\\/arquitetura\\\/\"},{\"@type\":\"ListItem\",\"position\":2,\"name\":\"Decora\u00e7\u00e3o de entrada com estilo moderno\"}]},{\"@type\":\"WebSite\",\"@id\":\"https:\\\/\\\/otaviocoutinho.online\\\/arquitetura\\\/#website\",\"url\":\"https:\\\/\\\/otaviocoutinho.online\\\/arquitetura\\\/\",\"name\":\"ARQ E URB\",\"description\":\"Est\u00fadio de Arquitetura &amp; Urbanismo\",\"publisher\":{\"@id\":\"https:\\\/\\\/otaviocoutinho.online\\\/arquitetura\\\/#organization\"},\"potentialAction\":[{\"@type\":\"SearchAction\",\"target\":{\"@type\":\"EntryPoint\",\"urlTemplate\":\"https:\\\/\\\/otaviocoutinho.online\\\/arquitetura\\\/?s={search_term_string}\"},\"query-input\":{\"@type\":\"PropertyValueSpecification\",\"valueRequired\":true,\"valueName\":\"search_term_string\"}}],\"inLanguage\":\"en-US\"},{\"@type\":\"Organization\",\"@id\":\"https:\\\/\\\/otaviocoutinho.online\\\/arquitetura\\\/#organization\",\"name\":\"ARQ E URB\",\"url\":\"https:\\\/\\\/otaviocoutinho.online\\\/arquitetura\\\/\",\"logo\":{\"@type\":\"ImageObject\",\"inLanguage\":\"en-US\",\"@id\":\"https:\\\/\\\/otaviocoutinho.online\\\/arquitetura\\\/#\\\/schema\\\/logo\\\/image\\\/\",\"url\":\"https:\\\/\\\/otaviocoutinho.online\\\/arquitetura\\\/wp-content\\\/uploads\\\/2024\\\/05\\\/cropped-arqurb.png\",\"contentUrl\":\"https:\\\/\\\/otaviocoutinho.online\\\/arquitetura\\\/wp-content\\\/uploads\\\/2024\\\/05\\\/cropped-arqurb.png\",\"width\":1080,\"height\":1080,\"caption\":\"ARQ E URB\"},\"image\":{\"@id\":\"https:\\\/\\\/otaviocoutinho.online\\\/arquitetura\\\/#\\\/schema\\\/logo\\\/image\\\/\"}},{\"@type\":\"Person\",\"@id\":\"https:\\\/\\\/otaviocoutinho.online\\\/arquitetura\\\/#\\\/schema\\\/person\\\/de8c8db014a361702724914604fe5d53\",\"name\":\"otgoias\",\"image\":{\"@type\":\"ImageObject\",\"inLanguage\":\"en-US\",\"@id\":\"https:\\\/\\\/secure.gravatar.com\\\/avatar\\\/7ee942894aae052661cbb0279c4a287815ad063b5be78de3927bcb42a05eb657?s=96&d=mm&r=g\",\"url\":\"https:\\\/\\\/secure.gravatar.com\\\/avatar\\\/7ee942894aae052661cbb0279c4a287815ad063b5be78de3927bcb42a05eb657?s=96&d=mm&r=g\",\"contentUrl\":\"https:\\\/\\\/secure.gravatar.com\\\/avatar\\\/7ee942894aae052661cbb0279c4a287815ad063b5be78de3927bcb42a05eb657?s=96&d=mm&r=g\",\"caption\":\"otgoias\"},\"sameAs\":[\"https:\\\/\\\/otaviocoutinho.online\\\/arquitetura\"],\"url\":\"https:\\\/\\\/otaviocoutinho.online\\\/arquitetura\\\/author\\\/otgoias\\\/\"}]}<\/script>\n<!-- \/ Yoast SEO plugin. -->","yoast_head_json":{"title":"Decora\u00e7\u00e3o de entrada com estilo moderno - ARQ E URB","robots":{"index":"index","follow":"follow","max-snippet":"max-snippet:-1","max-image-preview":"max-image-preview:large","max-video-preview":"max-video-preview:-1"},"canonical":"https:\/\/otaviocoutinho.online\/arquitetura\/decoracao-de-entrada-com-estilo-moderno\/","og_locale":"en_US","og_type":"article","og_title":"Decora\u00e7\u00e3o de entrada com estilo moderno - ARQ E URB","og_description":"PROPRIET\u00c1RIO: Greenhalgh Family LOCALIZA\u00c7\u00c3O: Samui Islanda, Suratthani, Thailand NATUREZA DO PROJETO: Habita\u00e7\u00e3o \u00c1REA CONSTRU\u00cdDA: 1.000 M\u00b2 CUSTO: R$ 1,00","og_url":"https:\/\/otaviocoutinho.online\/arquitetura\/decoracao-de-entrada-com-estilo-moderno\/","og_site_name":"ARQ E URB","article_published_time":"2024-05-12T17:23:24+00:00","article_modified_time":"2024-05-12T17:34:44+00:00","og_image":[{"width":300,"height":300,"url":"https:\/\/otaviocoutinho.online\/arquitetura\/wp-content\/uploads\/2024\/05\/ai-gerado-de-entrada-de-estilo-moderno-decoracao-de-interiores-300x300-imagem-destacada.jpg","type":"image\/jpeg"}],"author":"otgoias","twitter_card":"summary_large_image","twitter_misc":{"Written by":"otgoias","Est. reading time":"3 minutes"},"schema":{"@context":"https:\/\/schema.org","@graph":[{"@type":"Article","@id":"https:\/\/otaviocoutinho.online\/arquitetura\/decoracao-de-entrada-com-estilo-moderno\/#article","isPartOf":{"@id":"https:\/\/otaviocoutinho.online\/arquitetura\/decoracao-de-entrada-com-estilo-moderno\/"},"author":{"name":"otgoias","@id":"https:\/\/otaviocoutinho.online\/arquitetura\/#\/schema\/person\/de8c8db014a361702724914604fe5d53"},"headline":"Decora\u00e7\u00e3o de entrada com estilo moderno","datePublished":"2024-05-12T17:23:24+00:00","dateModified":"2024-05-12T17:34:44+00:00","mainEntityOfPage":{"@id":"https:\/\/otaviocoutinho.online\/arquitetura\/decoracao-de-entrada-com-estilo-moderno\/"},"wordCount":423,"commentCount":0,"publisher":{"@id":"https:\/\/otaviocoutinho.online\/arquitetura\/#organization"},"image":{"@id":"https:\/\/otaviocoutinho.online\/arquitetura\/decoracao-de-entrada-com-estilo-moderno\/#primaryimage"},"thumbnailUrl":"https:\/\/otaviocoutinho.online\/arquitetura\/wp-content\/uploads\/2024\/05\/ai-gerado-de-entrada-de-estilo-moderno-decoracao-de-interiores-300x300-imagem-destacada.jpg","articleSection":["projetos"],"inLanguage":"en-US","potentialAction":[{"@type":"CommentAction","name":"Comment","target":["https:\/\/otaviocoutinho.online\/arquitetura\/decoracao-de-entrada-com-estilo-moderno\/#respond"]}]},{"@type":"WebPage","@id":"https:\/\/otaviocoutinho.online\/arquitetura\/decoracao-de-entrada-com-estilo-moderno\/","url":"https:\/\/otaviocoutinho.online\/arquitetura\/decoracao-de-entrada-com-estilo-moderno\/","name":"Decora\u00e7\u00e3o de entrada com estilo moderno - ARQ E URB","isPartOf":{"@id":"https:\/\/otaviocoutinho.online\/arquitetura\/#website"},"primaryImageOfPage":{"@id":"https:\/\/otaviocoutinho.online\/arquitetura\/decoracao-de-entrada-com-estilo-moderno\/#primaryimage"},"image":{"@id":"https:\/\/otaviocoutinho.online\/arquitetura\/decoracao-de-entrada-com-estilo-moderno\/#primaryimage"},"thumbnailUrl":"https:\/\/otaviocoutinho.online\/arquitetura\/wp-content\/uploads\/2024\/05\/ai-gerado-de-entrada-de-estilo-moderno-decoracao-de-interiores-300x300-imagem-destacada.jpg","datePublished":"2024-05-12T17:23:24+00:00","dateModified":"2024-05-12T17:34:44+00:00","breadcrumb":{"@id":"https:\/\/otaviocoutinho.online\/arquitetura\/decoracao-de-entrada-com-estilo-moderno\/#breadcrumb"},"inLanguage":"en-US","potentialAction":[{"@type":"ReadAction","target":["https:\/\/otaviocoutinho.online\/arquitetura\/decoracao-de-entrada-com-estilo-moderno\/"]}]},{"@type":"ImageObject","inLanguage":"en-US","@id":"https:\/\/otaviocoutinho.online\/arquitetura\/decoracao-de-entrada-com-estilo-moderno\/#primaryimage","url":"https:\/\/otaviocoutinho.online\/arquitetura\/wp-content\/uploads\/2024\/05\/ai-gerado-de-entrada-de-estilo-moderno-decoracao-de-interiores-300x300-imagem-destacada.jpg","contentUrl":"https:\/\/otaviocoutinho.online\/arquitetura\/wp-content\/uploads\/2024\/05\/ai-gerado-de-entrada-de-estilo-moderno-decoracao-de-interiores-300x300-imagem-destacada.jpg","width":300,"height":300},{"@type":"BreadcrumbList","@id":"https:\/\/otaviocoutinho.online\/arquitetura\/decoracao-de-entrada-com-estilo-moderno\/#breadcrumb","itemListElement":[{"@type":"ListItem","position":1,"name":"In\u00edcio","item":"https:\/\/otaviocoutinho.online\/arquitetura\/"},{"@type":"ListItem","position":2,"name":"Decora\u00e7\u00e3o de entrada com estilo moderno"}]},{"@type":"WebSite","@id":"https:\/\/otaviocoutinho.online\/arquitetura\/#website","url":"https:\/\/otaviocoutinho.online\/arquitetura\/","name":"ARQ E URB","description":"Est\u00fadio de Arquitetura &amp; Urbanismo","publisher":{"@id":"https:\/\/otaviocoutinho.online\/arquitetura\/#organization"},"potentialAction":[{"@type":"SearchAction","target":{"@type":"EntryPoint","urlTemplate":"https:\/\/otaviocoutinho.online\/arquitetura\/?s={search_term_string}"},"query-input":{"@type":"PropertyValueSpecification","valueRequired":true,"valueName":"search_term_string"}}],"inLanguage":"en-US"},{"@type":"Organization","@id":"https:\/\/otaviocoutinho.online\/arquitetura\/#organization","name":"ARQ E URB","url":"https:\/\/otaviocoutinho.online\/arquitetura\/","logo":{"@type":"ImageObject","inLanguage":"en-US","@id":"https:\/\/otaviocoutinho.online\/arquitetura\/#\/schema\/logo\/image\/","url":"https:\/\/otaviocoutinho.online\/arquitetura\/wp-content\/uploads\/2024\/05\/cropped-arqurb.png","contentUrl":"https:\/\/otaviocoutinho.online\/arquitetura\/wp-content\/uploads\/2024\/05\/cropped-arqurb.png","width":1080,"height":1080,"caption":"ARQ E URB"},"image":{"@id":"https:\/\/otaviocoutinho.online\/arquitetura\/#\/schema\/logo\/image\/"}},{"@type":"Person","@id":"https:\/\/otaviocoutinho.online\/arquitetura\/#\/schema\/person\/de8c8db014a361702724914604fe5d53","name":"otgoias","image":{"@type":"ImageObject","inLanguage":"en-US","@id":"https:\/\/secure.gravatar.com\/avatar\/7ee942894aae052661cbb0279c4a287815ad063b5be78de3927bcb42a05eb657?s=96&d=mm&r=g","url":"https:\/\/secure.gravatar.com\/avatar\/7ee942894aae052661cbb0279c4a287815ad063b5be78de3927bcb42a05eb657?s=96&d=mm&r=g","contentUrl":"https:\/\/secure.gravatar.com\/avatar\/7ee942894aae052661cbb0279c4a287815ad063b5be78de3927bcb42a05eb657?s=96&d=mm&r=g","caption":"otgoias"},"sameAs":["https:\/\/otaviocoutinho.online\/arquitetura"],"url":"https:\/\/otaviocoutinho.online\/arquitetura\/author\/otgoias\/"}]}},"_links":{"self":[{"href":"https:\/\/otaviocoutinho.online\/arquitetura\/wp-json\/wp\/v2\/posts\/831","targetHints":{"allow":["GET"]}}],"collection":[{"href":"https:\/\/otaviocoutinho.online\/arquitetura\/wp-json\/wp\/v2\/posts"}],"about":[{"href":"https:\/\/otaviocoutinho.online\/arquitetura\/wp-json\/wp\/v2\/types\/post"}],"author":[{"embeddable":true,"href":"https:\/\/otaviocoutinho.online\/arquitetura\/wp-json\/wp\/v2\/users\/1"}],"replies":[{"embeddable":true,"href":"https:\/\/otaviocoutinho.online\/arquitetura\/wp-json\/wp\/v2\/comments?post=831"}],"version-history":[{"count":2,"href":"https:\/\/otaviocoutinho.online\/arquitetura\/wp-json\/wp\/v2\/posts\/831\/revisions"}],"predecessor-version":[{"id":835,"href":"https:\/\/otaviocoutinho.online\/arquitetura\/wp-json\/wp\/v2\/posts\/831\/revisions\/835"}],"wp:featuredmedia":[{"embeddable":true,"href":"https:\/\/otaviocoutinho.online\/arquitetura\/wp-json\/wp\/v2\/media\/834"}],"wp:attachment":[{"href":"https:\/\/otaviocoutinho.online\/arquitetura\/wp-json\/wp\/v2\/media?parent=831"}],"wp:term":[{"taxonomy":"category","embeddable":true,"href":"https:\/\/otaviocoutinho.online\/arquitetura\/wp-json\/wp\/v2\/categories?post=831"},{"taxonomy":"post_tag","embeddable":true,"href":"https:\/\/otaviocoutinho.online\/arquitetura\/wp-json\/wp\/v2\/tags?post=831"}],"curies":[{"name":"wp","href":"https:\/\/api.w.org\/{rel}","templated":true}]}}