{"id":895,"date":"2024-05-13T07:31:21","date_gmt":"2024-05-13T10:31:21","guid":{"rendered":"https:\/\/otaviocoutinho.online\/arquitetura\/?p=895"},"modified":"2024-05-14T06:57:01","modified_gmt":"2024-05-14T09:57:01","slug":"defendendo-uma-arquitetura-sem-plastico","status":"publish","type":"post","link":"https:\/\/otaviocoutinho.online\/arquitetura\/defendendo-uma-arquitetura-sem-plastico\/","title":{"rendered":"Defendendo uma arquitetura sem pl\u00e1stico"},"content":{"rendered":"\n<div class=\"wp-block-media-text has-media-on-the-right is-stacked-on-mobile is-vertically-aligned-center\" style=\"grid-template-columns:auto 40%\"><div class=\"wp-block-media-text__content\">\n<p class=\"has-text-align-justify has-medium-font-size\">A crescente preocupa\u00e7\u00e3o com a onipresen\u00e7a do pl\u00e1stico no ambiente constru\u00eddo e seus impactos negativos no meio ambiente. Diante disso, prop\u00f5e a arquitetura sem pl\u00e1stico como uma alternativa promissora para um futuro mais sustent\u00e1vel.<\/p>\n<\/div><figure class=\"wp-block-media-text__media\"><img fetchpriority=\"high\" decoding=\"async\" width=\"300\" height=\"300\" src=\"https:\/\/otaviocoutinho.online\/arquitetura\/wp-content\/uploads\/2024\/05\/arquitetura-sem-plastico-300x300-imagem-destacada.jpg\" alt=\"\" class=\"wp-image-897 size-full\" srcset=\"https:\/\/otaviocoutinho.online\/arquitetura\/wp-content\/uploads\/2024\/05\/arquitetura-sem-plastico-300x300-imagem-destacada.jpg 300w, https:\/\/otaviocoutinho.online\/arquitetura\/wp-content\/uploads\/2024\/05\/arquitetura-sem-plastico-300x300-imagem-destacada-150x150.jpg 150w\" sizes=\"(max-width: 300px) 100vw, 300px\" \/><\/figure><\/div>\n\n\n\n<h2 class=\"wp-block-heading\"><strong>Desafios e Solu\u00e7\u00f5es<\/strong><\/h2>\n\n\n\n<p>A erradica\u00e7\u00e3o total do pl\u00e1stico da constru\u00e7\u00e3o n\u00e3o \u00e9 uma tarefa simples. No entanto, diversas iniciativas inovadoras est\u00e3o surgindo, oferecendo alternativas vi\u00e1veis e sustent\u00e1veis:<\/p>\n\n\n\n<ul class=\"wp-block-list\">\n<li><strong>Pain\u00e9is de base biol\u00f3gica:<\/strong> A StoneCycling desenvolveu pain\u00e9is ecol\u00f3gicos \u00e0 base de microalgas, substituindo o cimento Portland e reduzindo emiss\u00f5es de carbono.<\/li>\n\n\n\n<li><strong>Biocimento Zero Carbono:<\/strong> A Prometheus Materials criou um biocimento \u00e0 base de clorofila, utilizando recursos locais e renov\u00e1veis.<\/li>\n\n\n\n<li><strong>Azulejos ac\u00fasticos de n\u00facleo Byssus:<\/strong> A Seastex aproveita fibras de mexilh\u00e3o descartadas para produzir pain\u00e9is ac\u00fasticos e isolantes, com propriedades retardantes de fogo e benef\u00edcios ambientais.<\/li>\n\n\n\n<li><strong>Gesso de argila natural:<\/strong> A Clayworks oferece uma alternativa aos gessos tradicionais, utilizando argila para criar acabamentos saud\u00e1veis e respir\u00e1veis para interiores.<\/li>\n\n\n\n<li><strong>Plataforma de materiais sem pl\u00e1stico:<\/strong> A PlasticFree re\u00fane solu\u00e7\u00f5es livres de pl\u00e1stico, colabora com diversos setores e facilita o acesso a informa\u00e7\u00f5es para designers e arquitetos.<\/li>\n<\/ul>\n\n\n\n<p class=\"has-text-align-justify\">Embora ainda existam desafios pela frente, as inova\u00e7\u00f5es apresentadas demonstram que a arquitetura sem pl\u00e1stico \u00e9 um caminho vi\u00e1vel para um futuro mais sustent\u00e1vel na constru\u00e7\u00e3o. Reduzir o consumo de pl\u00e1stico e buscar alternativas ecol\u00f3gicas \u00e9 crucial para proteger o meio ambiente e garantir um futuro melhor para as pr\u00f3ximas gera\u00e7\u00f5es.<\/p>\n\n\n\n<div class=\"wp-block-essential-blocks-button\"><div class=\"eb-parent-wrapper eb-parent-eb-button-ychek \"><div class=\"eb-button-wrapper eb-button-alignment eb-button-ychek\"><div class=\"eb-button\"><a class=\"eb-button-anchor\" href=\"https:\/\/www.archdaily.com.br\/br\/1016375\/defendendo-uma-arquitetura-sem-plastico-solucoes-inovadoras-para-o-presente-e-o-futuro?ad_campaign=normal-tag\" target=\"_blank\" rel=\"nofollow noopener\">Leia o artigo completo<\/a><\/div><\/div><\/div><\/div>\n","protected":false},"excerpt":{"rendered":"<p>A crescente preocupa\u00e7\u00e3o com a onipresen\u00e7a do pl\u00e1stico no ambiente constru\u00eddo e seus impactos negativos no meio ambiente.<\/p>\n","protected":false},"author":1,"featured_media":897,"comment_status":"open","ping_status":"open","sticky":false,"template":"","format":"standard","meta":{"_editorskit_title_hidden":false,"_editorskit_reading_time":0,"_editorskit_is_block_options_detached":false,"_editorskit_block_options_position":"{}","_eb_attr":"","site-sidebar-layout":"default","site-content-layout":"","ast-site-content-layout":"default","site-content-style":"default","site-sidebar-style":"default","ast-global-header-display":"","ast-banner-title-visibility":"","ast-main-header-display":"","ast-hfb-above-header-display":"","ast-hfb-below-header-display":"","ast-hfb-mobile-header-display":"","site-post-title":"","ast-breadcrumbs-content":"","ast-featured-img":"","footer-sml-layout":"","ast-disable-related-posts":"","theme-transparent-header-meta":"","adv-header-id-meta":"","stick-header-meta":"","header-above-stick-meta":"","header-main-stick-meta":"","header-below-stick-meta":"","astra-migrate-meta-layouts":"default","ast-page-background-enabled":"default","ast-page-background-meta":{"desktop":{"background-color":"var(--ast-global-color-4)","background-image":"","background-repeat":"repeat","background-position":"center center","background-size":"auto","background-attachment":"scroll","background-type":"","background-media":"","overlay-type":"","overlay-color":"","overlay-opacity":"","overlay-gradient":""},"tablet":{"background-color":"","background-image":"","background-repeat":"repeat","background-position":"center center","background-size":"auto","background-attachment":"scroll","background-type":"","background-media":"","overlay-type":"","overlay-color":"","overlay-opacity":"","overlay-gradient":""},"mobile":{"background-color":"","background-image":"","background-repeat":"repeat","background-position":"center center","background-size":"auto","background-attachment":"scroll","background-type":"","background-media":"","overlay-type":"","overlay-color":"","overlay-opacity":"","overlay-gradient":""}},"ast-content-background-meta":{"desktop":{"background-color":"var(--ast-global-color-5)","background-image":"","background-repeat":"repeat","background-position":"center center","background-size":"auto","background-attachment":"scroll","background-type":"","background-media":"","overlay-type":"","overlay-color":"","overlay-opacity":"","overlay-gradient":""},"tablet":{"background-color":"var(--ast-global-color-5)","background-image":"","background-repeat":"repeat","background-position":"center center","background-size":"auto","background-attachment":"scroll","background-type":"","background-media":"","overlay-type":"","overlay-color":"","overlay-opacity":"","overlay-gradient":""},"mobile":{"background-color":"var(--ast-global-color-5)","background-image":"","background-repeat":"repeat","background-position":"center center","background-size":"auto","background-attachment":"scroll","background-type":"","background-media":"","overlay-type":"","overlay-color":"","overlay-opacity":"","overlay-gradient":""}},"footnotes":""},"categories":[1],"tags":[],"class_list":["post-895","post","type-post","status-publish","format-standard","has-post-thumbnail","hentry","category-blog"],"yoast_head":"<!-- This site is optimized with the Yoast SEO plugin v27.4 - https:\/\/yoast.com\/product\/yoast-seo-wordpress\/ -->\n<title>Defendendo uma arquitetura sem pl\u00e1stico - ARQ E URB<\/title>\n<meta name=\"robots\" content=\"index, follow, max-snippet:-1, max-image-preview:large, max-video-preview:-1\" \/>\n<link rel=\"canonical\" href=\"https:\/\/otaviocoutinho.online\/arquitetura\/defendendo-uma-arquitetura-sem-plastico\/\" \/>\n<meta property=\"og:locale\" content=\"en_US\" \/>\n<meta property=\"og:type\" content=\"article\" \/>\n<meta property=\"og:title\" content=\"Defendendo uma arquitetura sem pl\u00e1stico - ARQ E URB\" \/>\n<meta property=\"og:description\" content=\"A crescente preocupa\u00e7\u00e3o com a onipresen\u00e7a do pl\u00e1stico no ambiente constru\u00eddo e seus impactos negativos no meio ambiente.\" \/>\n<meta property=\"og:url\" content=\"https:\/\/otaviocoutinho.online\/arquitetura\/defendendo-uma-arquitetura-sem-plastico\/\" \/>\n<meta property=\"og:site_name\" content=\"ARQ E URB\" \/>\n<meta property=\"article:published_time\" content=\"2024-05-13T10:31:21+00:00\" \/>\n<meta property=\"article:modified_time\" content=\"2024-05-14T09:57:01+00:00\" \/>\n<meta property=\"og:image\" content=\"https:\/\/otaviocoutinho.online\/arquitetura\/wp-content\/uploads\/2024\/05\/arquitetura-sem-plastico-300x300-imagem-destacada.jpg\" \/>\n\t<meta property=\"og:image:width\" content=\"300\" \/>\n\t<meta property=\"og:image:height\" content=\"300\" \/>\n\t<meta property=\"og:image:type\" content=\"image\/jpeg\" \/>\n<meta name=\"author\" content=\"otgoias\" \/>\n<meta name=\"twitter:card\" content=\"summary_large_image\" \/>\n<meta name=\"twitter:label1\" content=\"Written by\" \/>\n\t<meta name=\"twitter:data1\" content=\"otgoias\" \/>\n\t<meta name=\"twitter:label2\" content=\"Est. reading time\" \/>\n\t<meta name=\"twitter:data2\" content=\"2 minutes\" \/>\n<script type=\"application\/ld+json\" class=\"yoast-schema-graph\">{\"@context\":\"https:\\\/\\\/schema.org\",\"@graph\":[{\"@type\":\"Article\",\"@id\":\"https:\\\/\\\/otaviocoutinho.online\\\/arquitetura\\\/defendendo-uma-arquitetura-sem-plastico\\\/#article\",\"isPartOf\":{\"@id\":\"https:\\\/\\\/otaviocoutinho.online\\\/arquitetura\\\/defendendo-uma-arquitetura-sem-plastico\\\/\"},\"author\":{\"name\":\"otgoias\",\"@id\":\"https:\\\/\\\/otaviocoutinho.online\\\/arquitetura\\\/#\\\/schema\\\/person\\\/de8c8db014a361702724914604fe5d53\"},\"headline\":\"Defendendo uma arquitetura sem pl\u00e1stico\",\"datePublished\":\"2024-05-13T10:31:21+00:00\",\"dateModified\":\"2024-05-14T09:57:01+00:00\",\"mainEntityOfPage\":{\"@id\":\"https:\\\/\\\/otaviocoutinho.online\\\/arquitetura\\\/defendendo-uma-arquitetura-sem-plastico\\\/\"},\"wordCount\":274,\"commentCount\":0,\"publisher\":{\"@id\":\"https:\\\/\\\/otaviocoutinho.online\\\/arquitetura\\\/#organization\"},\"image\":{\"@id\":\"https:\\\/\\\/otaviocoutinho.online\\\/arquitetura\\\/defendendo-uma-arquitetura-sem-plastico\\\/#primaryimage\"},\"thumbnailUrl\":\"https:\\\/\\\/otaviocoutinho.online\\\/arquitetura\\\/wp-content\\\/uploads\\\/2024\\\/05\\\/arquitetura-sem-plastico-300x300-imagem-destacada.jpg\",\"articleSection\":[\"Blog\"],\"inLanguage\":\"en-US\",\"potentialAction\":[{\"@type\":\"CommentAction\",\"name\":\"Comment\",\"target\":[\"https:\\\/\\\/otaviocoutinho.online\\\/arquitetura\\\/defendendo-uma-arquitetura-sem-plastico\\\/#respond\"]}]},{\"@type\":\"WebPage\",\"@id\":\"https:\\\/\\\/otaviocoutinho.online\\\/arquitetura\\\/defendendo-uma-arquitetura-sem-plastico\\\/\",\"url\":\"https:\\\/\\\/otaviocoutinho.online\\\/arquitetura\\\/defendendo-uma-arquitetura-sem-plastico\\\/\",\"name\":\"Defendendo uma arquitetura sem pl\u00e1stico - ARQ E URB\",\"isPartOf\":{\"@id\":\"https:\\\/\\\/otaviocoutinho.online\\\/arquitetura\\\/#website\"},\"primaryImageOfPage\":{\"@id\":\"https:\\\/\\\/otaviocoutinho.online\\\/arquitetura\\\/defendendo-uma-arquitetura-sem-plastico\\\/#primaryimage\"},\"image\":{\"@id\":\"https:\\\/\\\/otaviocoutinho.online\\\/arquitetura\\\/defendendo-uma-arquitetura-sem-plastico\\\/#primaryimage\"},\"thumbnailUrl\":\"https:\\\/\\\/otaviocoutinho.online\\\/arquitetura\\\/wp-content\\\/uploads\\\/2024\\\/05\\\/arquitetura-sem-plastico-300x300-imagem-destacada.jpg\",\"datePublished\":\"2024-05-13T10:31:21+00:00\",\"dateModified\":\"2024-05-14T09:57:01+00:00\",\"breadcrumb\":{\"@id\":\"https:\\\/\\\/otaviocoutinho.online\\\/arquitetura\\\/defendendo-uma-arquitetura-sem-plastico\\\/#breadcrumb\"},\"inLanguage\":\"en-US\",\"potentialAction\":[{\"@type\":\"ReadAction\",\"target\":[\"https:\\\/\\\/otaviocoutinho.online\\\/arquitetura\\\/defendendo-uma-arquitetura-sem-plastico\\\/\"]}]},{\"@type\":\"ImageObject\",\"inLanguage\":\"en-US\",\"@id\":\"https:\\\/\\\/otaviocoutinho.online\\\/arquitetura\\\/defendendo-uma-arquitetura-sem-plastico\\\/#primaryimage\",\"url\":\"https:\\\/\\\/otaviocoutinho.online\\\/arquitetura\\\/wp-content\\\/uploads\\\/2024\\\/05\\\/arquitetura-sem-plastico-300x300-imagem-destacada.jpg\",\"contentUrl\":\"https:\\\/\\\/otaviocoutinho.online\\\/arquitetura\\\/wp-content\\\/uploads\\\/2024\\\/05\\\/arquitetura-sem-plastico-300x300-imagem-destacada.jpg\",\"width\":300,\"height\":300},{\"@type\":\"BreadcrumbList\",\"@id\":\"https:\\\/\\\/otaviocoutinho.online\\\/arquitetura\\\/defendendo-uma-arquitetura-sem-plastico\\\/#breadcrumb\",\"itemListElement\":[{\"@type\":\"ListItem\",\"position\":1,\"name\":\"In\u00edcio\",\"item\":\"https:\\\/\\\/otaviocoutinho.online\\\/arquitetura\\\/\"},{\"@type\":\"ListItem\",\"position\":2,\"name\":\"Defendendo uma arquitetura sem pl\u00e1stico\"}]},{\"@type\":\"WebSite\",\"@id\":\"https:\\\/\\\/otaviocoutinho.online\\\/arquitetura\\\/#website\",\"url\":\"https:\\\/\\\/otaviocoutinho.online\\\/arquitetura\\\/\",\"name\":\"ARQ E URB\",\"description\":\"Est\u00fadio de Arquitetura &amp; Urbanismo\",\"publisher\":{\"@id\":\"https:\\\/\\\/otaviocoutinho.online\\\/arquitetura\\\/#organization\"},\"potentialAction\":[{\"@type\":\"SearchAction\",\"target\":{\"@type\":\"EntryPoint\",\"urlTemplate\":\"https:\\\/\\\/otaviocoutinho.online\\\/arquitetura\\\/?s={search_term_string}\"},\"query-input\":{\"@type\":\"PropertyValueSpecification\",\"valueRequired\":true,\"valueName\":\"search_term_string\"}}],\"inLanguage\":\"en-US\"},{\"@type\":\"Organization\",\"@id\":\"https:\\\/\\\/otaviocoutinho.online\\\/arquitetura\\\/#organization\",\"name\":\"ARQ E URB\",\"url\":\"https:\\\/\\\/otaviocoutinho.online\\\/arquitetura\\\/\",\"logo\":{\"@type\":\"ImageObject\",\"inLanguage\":\"en-US\",\"@id\":\"https:\\\/\\\/otaviocoutinho.online\\\/arquitetura\\\/#\\\/schema\\\/logo\\\/image\\\/\",\"url\":\"https:\\\/\\\/otaviocoutinho.online\\\/arquitetura\\\/wp-content\\\/uploads\\\/2024\\\/05\\\/cropped-arqurb.png\",\"contentUrl\":\"https:\\\/\\\/otaviocoutinho.online\\\/arquitetura\\\/wp-content\\\/uploads\\\/2024\\\/05\\\/cropped-arqurb.png\",\"width\":1080,\"height\":1080,\"caption\":\"ARQ E URB\"},\"image\":{\"@id\":\"https:\\\/\\\/otaviocoutinho.online\\\/arquitetura\\\/#\\\/schema\\\/logo\\\/image\\\/\"}},{\"@type\":\"Person\",\"@id\":\"https:\\\/\\\/otaviocoutinho.online\\\/arquitetura\\\/#\\\/schema\\\/person\\\/de8c8db014a361702724914604fe5d53\",\"name\":\"otgoias\",\"image\":{\"@type\":\"ImageObject\",\"inLanguage\":\"en-US\",\"@id\":\"https:\\\/\\\/secure.gravatar.com\\\/avatar\\\/7ee942894aae052661cbb0279c4a287815ad063b5be78de3927bcb42a05eb657?s=96&d=mm&r=g\",\"url\":\"https:\\\/\\\/secure.gravatar.com\\\/avatar\\\/7ee942894aae052661cbb0279c4a287815ad063b5be78de3927bcb42a05eb657?s=96&d=mm&r=g\",\"contentUrl\":\"https:\\\/\\\/secure.gravatar.com\\\/avatar\\\/7ee942894aae052661cbb0279c4a287815ad063b5be78de3927bcb42a05eb657?s=96&d=mm&r=g\",\"caption\":\"otgoias\"},\"sameAs\":[\"https:\\\/\\\/otaviocoutinho.online\\\/arquitetura\"],\"url\":\"https:\\\/\\\/otaviocoutinho.online\\\/arquitetura\\\/author\\\/otgoias\\\/\"}]}<\/script>\n<!-- \/ Yoast SEO plugin. -->","yoast_head_json":{"title":"Defendendo uma arquitetura sem pl\u00e1stico - ARQ E URB","robots":{"index":"index","follow":"follow","max-snippet":"max-snippet:-1","max-image-preview":"max-image-preview:large","max-video-preview":"max-video-preview:-1"},"canonical":"https:\/\/otaviocoutinho.online\/arquitetura\/defendendo-uma-arquitetura-sem-plastico\/","og_locale":"en_US","og_type":"article","og_title":"Defendendo uma arquitetura sem pl\u00e1stico - ARQ E URB","og_description":"A crescente preocupa\u00e7\u00e3o com a onipresen\u00e7a do pl\u00e1stico no ambiente constru\u00eddo e seus impactos negativos no meio ambiente.","og_url":"https:\/\/otaviocoutinho.online\/arquitetura\/defendendo-uma-arquitetura-sem-plastico\/","og_site_name":"ARQ E URB","article_published_time":"2024-05-13T10:31:21+00:00","article_modified_time":"2024-05-14T09:57:01+00:00","og_image":[{"width":300,"height":300,"url":"https:\/\/otaviocoutinho.online\/arquitetura\/wp-content\/uploads\/2024\/05\/arquitetura-sem-plastico-300x300-imagem-destacada.jpg","type":"image\/jpeg"}],"author":"otgoias","twitter_card":"summary_large_image","twitter_misc":{"Written by":"otgoias","Est. reading time":"2 minutes"},"schema":{"@context":"https:\/\/schema.org","@graph":[{"@type":"Article","@id":"https:\/\/otaviocoutinho.online\/arquitetura\/defendendo-uma-arquitetura-sem-plastico\/#article","isPartOf":{"@id":"https:\/\/otaviocoutinho.online\/arquitetura\/defendendo-uma-arquitetura-sem-plastico\/"},"author":{"name":"otgoias","@id":"https:\/\/otaviocoutinho.online\/arquitetura\/#\/schema\/person\/de8c8db014a361702724914604fe5d53"},"headline":"Defendendo uma arquitetura sem pl\u00e1stico","datePublished":"2024-05-13T10:31:21+00:00","dateModified":"2024-05-14T09:57:01+00:00","mainEntityOfPage":{"@id":"https:\/\/otaviocoutinho.online\/arquitetura\/defendendo-uma-arquitetura-sem-plastico\/"},"wordCount":274,"commentCount":0,"publisher":{"@id":"https:\/\/otaviocoutinho.online\/arquitetura\/#organization"},"image":{"@id":"https:\/\/otaviocoutinho.online\/arquitetura\/defendendo-uma-arquitetura-sem-plastico\/#primaryimage"},"thumbnailUrl":"https:\/\/otaviocoutinho.online\/arquitetura\/wp-content\/uploads\/2024\/05\/arquitetura-sem-plastico-300x300-imagem-destacada.jpg","articleSection":["Blog"],"inLanguage":"en-US","potentialAction":[{"@type":"CommentAction","name":"Comment","target":["https:\/\/otaviocoutinho.online\/arquitetura\/defendendo-uma-arquitetura-sem-plastico\/#respond"]}]},{"@type":"WebPage","@id":"https:\/\/otaviocoutinho.online\/arquitetura\/defendendo-uma-arquitetura-sem-plastico\/","url":"https:\/\/otaviocoutinho.online\/arquitetura\/defendendo-uma-arquitetura-sem-plastico\/","name":"Defendendo uma arquitetura sem pl\u00e1stico - ARQ E URB","isPartOf":{"@id":"https:\/\/otaviocoutinho.online\/arquitetura\/#website"},"primaryImageOfPage":{"@id":"https:\/\/otaviocoutinho.online\/arquitetura\/defendendo-uma-arquitetura-sem-plastico\/#primaryimage"},"image":{"@id":"https:\/\/otaviocoutinho.online\/arquitetura\/defendendo-uma-arquitetura-sem-plastico\/#primaryimage"},"thumbnailUrl":"https:\/\/otaviocoutinho.online\/arquitetura\/wp-content\/uploads\/2024\/05\/arquitetura-sem-plastico-300x300-imagem-destacada.jpg","datePublished":"2024-05-13T10:31:21+00:00","dateModified":"2024-05-14T09:57:01+00:00","breadcrumb":{"@id":"https:\/\/otaviocoutinho.online\/arquitetura\/defendendo-uma-arquitetura-sem-plastico\/#breadcrumb"},"inLanguage":"en-US","potentialAction":[{"@type":"ReadAction","target":["https:\/\/otaviocoutinho.online\/arquitetura\/defendendo-uma-arquitetura-sem-plastico\/"]}]},{"@type":"ImageObject","inLanguage":"en-US","@id":"https:\/\/otaviocoutinho.online\/arquitetura\/defendendo-uma-arquitetura-sem-plastico\/#primaryimage","url":"https:\/\/otaviocoutinho.online\/arquitetura\/wp-content\/uploads\/2024\/05\/arquitetura-sem-plastico-300x300-imagem-destacada.jpg","contentUrl":"https:\/\/otaviocoutinho.online\/arquitetura\/wp-content\/uploads\/2024\/05\/arquitetura-sem-plastico-300x300-imagem-destacada.jpg","width":300,"height":300},{"@type":"BreadcrumbList","@id":"https:\/\/otaviocoutinho.online\/arquitetura\/defendendo-uma-arquitetura-sem-plastico\/#breadcrumb","itemListElement":[{"@type":"ListItem","position":1,"name":"In\u00edcio","item":"https:\/\/otaviocoutinho.online\/arquitetura\/"},{"@type":"ListItem","position":2,"name":"Defendendo uma arquitetura sem pl\u00e1stico"}]},{"@type":"WebSite","@id":"https:\/\/otaviocoutinho.online\/arquitetura\/#website","url":"https:\/\/otaviocoutinho.online\/arquitetura\/","name":"ARQ E URB","description":"Est\u00fadio de Arquitetura &amp; Urbanismo","publisher":{"@id":"https:\/\/otaviocoutinho.online\/arquitetura\/#organization"},"potentialAction":[{"@type":"SearchAction","target":{"@type":"EntryPoint","urlTemplate":"https:\/\/otaviocoutinho.online\/arquitetura\/?s={search_term_string}"},"query-input":{"@type":"PropertyValueSpecification","valueRequired":true,"valueName":"search_term_string"}}],"inLanguage":"en-US"},{"@type":"Organization","@id":"https:\/\/otaviocoutinho.online\/arquitetura\/#organization","name":"ARQ E URB","url":"https:\/\/otaviocoutinho.online\/arquitetura\/","logo":{"@type":"ImageObject","inLanguage":"en-US","@id":"https:\/\/otaviocoutinho.online\/arquitetura\/#\/schema\/logo\/image\/","url":"https:\/\/otaviocoutinho.online\/arquitetura\/wp-content\/uploads\/2024\/05\/cropped-arqurb.png","contentUrl":"https:\/\/otaviocoutinho.online\/arquitetura\/wp-content\/uploads\/2024\/05\/cropped-arqurb.png","width":1080,"height":1080,"caption":"ARQ E URB"},"image":{"@id":"https:\/\/otaviocoutinho.online\/arquitetura\/#\/schema\/logo\/image\/"}},{"@type":"Person","@id":"https:\/\/otaviocoutinho.online\/arquitetura\/#\/schema\/person\/de8c8db014a361702724914604fe5d53","name":"otgoias","image":{"@type":"ImageObject","inLanguage":"en-US","@id":"https:\/\/secure.gravatar.com\/avatar\/7ee942894aae052661cbb0279c4a287815ad063b5be78de3927bcb42a05eb657?s=96&d=mm&r=g","url":"https:\/\/secure.gravatar.com\/avatar\/7ee942894aae052661cbb0279c4a287815ad063b5be78de3927bcb42a05eb657?s=96&d=mm&r=g","contentUrl":"https:\/\/secure.gravatar.com\/avatar\/7ee942894aae052661cbb0279c4a287815ad063b5be78de3927bcb42a05eb657?s=96&d=mm&r=g","caption":"otgoias"},"sameAs":["https:\/\/otaviocoutinho.online\/arquitetura"],"url":"https:\/\/otaviocoutinho.online\/arquitetura\/author\/otgoias\/"}]}},"_links":{"self":[{"href":"https:\/\/otaviocoutinho.online\/arquitetura\/wp-json\/wp\/v2\/posts\/895","targetHints":{"allow":["GET"]}}],"collection":[{"href":"https:\/\/otaviocoutinho.online\/arquitetura\/wp-json\/wp\/v2\/posts"}],"about":[{"href":"https:\/\/otaviocoutinho.online\/arquitetura\/wp-json\/wp\/v2\/types\/post"}],"author":[{"embeddable":true,"href":"https:\/\/otaviocoutinho.online\/arquitetura\/wp-json\/wp\/v2\/users\/1"}],"replies":[{"embeddable":true,"href":"https:\/\/otaviocoutinho.online\/arquitetura\/wp-json\/wp\/v2\/comments?post=895"}],"version-history":[{"count":11,"href":"https:\/\/otaviocoutinho.online\/arquitetura\/wp-json\/wp\/v2\/posts\/895\/revisions"}],"predecessor-version":[{"id":930,"href":"https:\/\/otaviocoutinho.online\/arquitetura\/wp-json\/wp\/v2\/posts\/895\/revisions\/930"}],"wp:featuredmedia":[{"embeddable":true,"href":"https:\/\/otaviocoutinho.online\/arquitetura\/wp-json\/wp\/v2\/media\/897"}],"wp:attachment":[{"href":"https:\/\/otaviocoutinho.online\/arquitetura\/wp-json\/wp\/v2\/media?parent=895"}],"wp:term":[{"taxonomy":"category","embeddable":true,"href":"https:\/\/otaviocoutinho.online\/arquitetura\/wp-json\/wp\/v2\/categories?post=895"},{"taxonomy":"post_tag","embeddable":true,"href":"https:\/\/otaviocoutinho.online\/arquitetura\/wp-json\/wp\/v2\/tags?post=895"}],"curies":[{"name":"wp","href":"https:\/\/api.w.org\/{rel}","templated":true}]}}