{"id":909,"date":"2024-05-14T06:39:42","date_gmt":"2024-05-14T09:39:42","guid":{"rendered":"https:\/\/otaviocoutinho.online\/arquitetura\/?p=909"},"modified":"2024-05-14T06:56:08","modified_gmt":"2024-05-14T09:56:08","slug":"escritorio-de-advocacia-com-toque-moderno-e-humanizado","status":"publish","type":"post","link":"https:\/\/otaviocoutinho.online\/arquitetura\/escritorio-de-advocacia-com-toque-moderno-e-humanizado\/","title":{"rendered":"Escrit\u00f3rio de advocacia com toque moderno e humanizado"},"content":{"rendered":"\n<div class=\"wp-block-media-text has-media-on-the-right is-stacked-on-mobile is-vertically-aligned-center\" style=\"grid-template-columns:auto 40%\"><div class=\"wp-block-media-text__content\">\n<p class=\"has-text-align-justify has-medium-font-size\">Certos espa\u00e7os possuem uma identidade inconfund\u00edvel, evocando sensa\u00e7\u00f5es espec\u00edficas em seus frequentadores. Cl\u00ednicas e escrit\u00f3rios, particularmente os de advocacia, s\u00e3o exemplos cl\u00e1ssicos. S\u00e9rios, elegantes, mas muitas vezes frios, esses ambientes geralmente transmitem uma expectativa pr\u00e9-definida aos clientes que agendam uma consulta.<\/p>\n<\/div><figure class=\"wp-block-media-text__media\"><img fetchpriority=\"high\" decoding=\"async\" width=\"300\" height=\"300\" src=\"https:\/\/otaviocoutinho.online\/arquitetura\/wp-content\/uploads\/2024\/05\/escritorio-de-advocacia-300x300-imagem-destacada.jpg\" alt=\"\" class=\"wp-image-910 size-full\" srcset=\"https:\/\/otaviocoutinho.online\/arquitetura\/wp-content\/uploads\/2024\/05\/escritorio-de-advocacia-300x300-imagem-destacada.jpg 300w, https:\/\/otaviocoutinho.online\/arquitetura\/wp-content\/uploads\/2024\/05\/escritorio-de-advocacia-300x300-imagem-destacada-150x150.jpg 150w\" sizes=\"(max-width: 300px) 100vw, 300px\" \/><\/figure><\/div>\n\n\n\n<h2 class=\"wp-block-heading\"><strong>Desafios e Solu\u00e7\u00f5es<\/strong><\/h2>\n\n\n\n<p>Criar um escrit\u00f3rio de advocacia que transmita seriedade e confian\u00e7a, mas tamb\u00e9m seja acolhedor e moderno, priorizando o conforto dos clientes.<\/p>\n\n\n\n<p>O projeto do Submerso Lab, da arquiteta Cristiana Breyer, via Studio Archa, apresenta um ambiente clean e sofisticado, com elementos que proporcionam conforto e bem-estar.<\/p>\n\n\n\n<ul class=\"wp-block-list\">\n<li><strong>Recep\u00e7\u00e3o acolhedora:<\/strong> Mobili\u00e1rio robusto e materiais de qualidade criam um ambiente convidativo.<\/li>\n\n\n\n<li><strong>Eixo central de circula\u00e7\u00e3o:<\/strong> Conecta os espa\u00e7os e direciona o olhar para a vista panor\u00e2mica.<\/li>\n\n\n\n<li><strong>Ilumina\u00e7\u00e3o natural e artificial:<\/strong> Abundante luz natural complementada por telas tensionadas retroiluminadas.<\/li>\n\n\n\n<li><strong>Marcenaria estrat\u00e9gica:<\/strong> Esconde portas e arm\u00e1rios, dando forma \u00e0 estante decorativa.<\/li>\n\n\n\n<li><strong>Oliva na sala de trabalho:<\/strong> Simboliza poder, vit\u00f3ria e sabedoria, remetendo \u00e0 biofilia.<\/li>\n\n\n\n<li><strong>Espa\u00e7o de reuni\u00e3o moderno:<\/strong> Mobili\u00e1rio e revestimento em formas arredondadas com acabamento em cimento queimado.<\/li>\n\n\n\n<li><strong>Copa compacta:<\/strong> Integrada ao ambiente com marcenaria preta e granito Via L\u00e1ctea.<\/li>\n<\/ul>\n\n\n\n<ul class=\"wp-block-list\">\n<li><\/li>\n<\/ul>\n\n\n\n<div class=\"wp-block-essential-blocks-button\"><div class=\"eb-parent-wrapper eb-parent-eb-button-ychek \"><div class=\"eb-button-wrapper eb-button-alignment eb-button-ychek\"><div class=\"eb-button\"><a class=\"eb-button-anchor\" href=\"https:\/\/revistahaus.com.br\/haus\/arquitetura\/projeto-de-interiores-de-escritorio-de-advocacia-destaca-design-limpo-e-foco-no-conforto-do-cliente\/\" target=\"_blank\" rel=\"nofollow noopener\">Leia o artigo completo<\/a><\/div><\/div><\/div><\/div>\n","protected":false},"excerpt":{"rendered":"<p>Certos espa\u00e7os possuem uma identidade inconfund\u00edvel, evocando sensa\u00e7\u00f5es espec\u00edficas em seus frequentadores.<\/p>\n","protected":false},"author":1,"featured_media":910,"comment_status":"open","ping_status":"open","sticky":false,"template":"","format":"standard","meta":{"_editorskit_title_hidden":false,"_editorskit_reading_time":0,"_editorskit_is_block_options_detached":false,"_editorskit_block_options_position":"{}","_eb_attr":"","site-sidebar-layout":"default","site-content-layout":"","ast-site-content-layout":"default","site-content-style":"default","site-sidebar-style":"default","ast-global-header-display":"","ast-banner-title-visibility":"","ast-main-header-display":"","ast-hfb-above-header-display":"","ast-hfb-below-header-display":"","ast-hfb-mobile-header-display":"","site-post-title":"","ast-breadcrumbs-content":"","ast-featured-img":"","footer-sml-layout":"","ast-disable-related-posts":"","theme-transparent-header-meta":"","adv-header-id-meta":"","stick-header-meta":"","header-above-stick-meta":"","header-main-stick-meta":"","header-below-stick-meta":"","astra-migrate-meta-layouts":"default","ast-page-background-enabled":"default","ast-page-background-meta":{"desktop":{"background-color":"var(--ast-global-color-4)","background-image":"","background-repeat":"repeat","background-position":"center center","background-size":"auto","background-attachment":"scroll","background-type":"","background-media":"","overlay-type":"","overlay-color":"","overlay-opacity":"","overlay-gradient":""},"tablet":{"background-color":"","background-image":"","background-repeat":"repeat","background-position":"center center","background-size":"auto","background-attachment":"scroll","background-type":"","background-media":"","overlay-type":"","overlay-color":"","overlay-opacity":"","overlay-gradient":""},"mobile":{"background-color":"","background-image":"","background-repeat":"repeat","background-position":"center center","background-size":"auto","background-attachment":"scroll","background-type":"","background-media":"","overlay-type":"","overlay-color":"","overlay-opacity":"","overlay-gradient":""}},"ast-content-background-meta":{"desktop":{"background-color":"var(--ast-global-color-5)","background-image":"","background-repeat":"repeat","background-position":"center center","background-size":"auto","background-attachment":"scroll","background-type":"","background-media":"","overlay-type":"","overlay-color":"","overlay-opacity":"","overlay-gradient":""},"tablet":{"background-color":"var(--ast-global-color-5)","background-image":"","background-repeat":"repeat","background-position":"center center","background-size":"auto","background-attachment":"scroll","background-type":"","background-media":"","overlay-type":"","overlay-color":"","overlay-opacity":"","overlay-gradient":""},"mobile":{"background-color":"var(--ast-global-color-5)","background-image":"","background-repeat":"repeat","background-position":"center center","background-size":"auto","background-attachment":"scroll","background-type":"","background-media":"","overlay-type":"","overlay-color":"","overlay-opacity":"","overlay-gradient":""}},"footnotes":""},"categories":[1],"tags":[],"class_list":["post-909","post","type-post","status-publish","format-standard","has-post-thumbnail","hentry","category-blog"],"yoast_head":"<!-- This site is optimized with the Yoast SEO plugin v27.4 - https:\/\/yoast.com\/product\/yoast-seo-wordpress\/ -->\n<title>Escrit\u00f3rio de advocacia com toque moderno e humanizado - ARQ E URB<\/title>\n<meta name=\"robots\" content=\"index, follow, max-snippet:-1, max-image-preview:large, max-video-preview:-1\" \/>\n<link rel=\"canonical\" href=\"https:\/\/otaviocoutinho.online\/arquitetura\/escritorio-de-advocacia-com-toque-moderno-e-humanizado\/\" \/>\n<meta property=\"og:locale\" content=\"en_US\" \/>\n<meta property=\"og:type\" content=\"article\" \/>\n<meta property=\"og:title\" content=\"Escrit\u00f3rio de advocacia com toque moderno e humanizado - ARQ E URB\" \/>\n<meta property=\"og:description\" content=\"Certos espa\u00e7os possuem uma identidade inconfund\u00edvel, evocando sensa\u00e7\u00f5es espec\u00edficas em seus frequentadores.\" \/>\n<meta property=\"og:url\" content=\"https:\/\/otaviocoutinho.online\/arquitetura\/escritorio-de-advocacia-com-toque-moderno-e-humanizado\/\" \/>\n<meta property=\"og:site_name\" content=\"ARQ E URB\" \/>\n<meta property=\"article:published_time\" content=\"2024-05-14T09:39:42+00:00\" \/>\n<meta property=\"article:modified_time\" content=\"2024-05-14T09:56:08+00:00\" \/>\n<meta property=\"og:image\" content=\"https:\/\/otaviocoutinho.online\/arquitetura\/wp-content\/uploads\/2024\/05\/escritorio-de-advocacia-300x300-imagem-destacada.jpg\" \/>\n\t<meta property=\"og:image:width\" content=\"300\" \/>\n\t<meta property=\"og:image:height\" content=\"300\" \/>\n\t<meta property=\"og:image:type\" content=\"image\/jpeg\" \/>\n<meta name=\"author\" content=\"otgoias\" \/>\n<meta name=\"twitter:card\" content=\"summary_large_image\" \/>\n<meta name=\"twitter:label1\" content=\"Written by\" \/>\n\t<meta name=\"twitter:data1\" content=\"otgoias\" \/>\n\t<meta name=\"twitter:label2\" content=\"Est. reading time\" \/>\n\t<meta name=\"twitter:data2\" content=\"2 minutes\" \/>\n<script type=\"application\/ld+json\" class=\"yoast-schema-graph\">{\"@context\":\"https:\\\/\\\/schema.org\",\"@graph\":[{\"@type\":\"Article\",\"@id\":\"https:\\\/\\\/otaviocoutinho.online\\\/arquitetura\\\/escritorio-de-advocacia-com-toque-moderno-e-humanizado\\\/#article\",\"isPartOf\":{\"@id\":\"https:\\\/\\\/otaviocoutinho.online\\\/arquitetura\\\/escritorio-de-advocacia-com-toque-moderno-e-humanizado\\\/\"},\"author\":{\"name\":\"otgoias\",\"@id\":\"https:\\\/\\\/otaviocoutinho.online\\\/arquitetura\\\/#\\\/schema\\\/person\\\/de8c8db014a361702724914604fe5d53\"},\"headline\":\"Escrit\u00f3rio de advocacia com toque moderno e humanizado\",\"datePublished\":\"2024-05-14T09:39:42+00:00\",\"dateModified\":\"2024-05-14T09:56:08+00:00\",\"mainEntityOfPage\":{\"@id\":\"https:\\\/\\\/otaviocoutinho.online\\\/arquitetura\\\/escritorio-de-advocacia-com-toque-moderno-e-humanizado\\\/\"},\"wordCount\":218,\"commentCount\":0,\"publisher\":{\"@id\":\"https:\\\/\\\/otaviocoutinho.online\\\/arquitetura\\\/#organization\"},\"image\":{\"@id\":\"https:\\\/\\\/otaviocoutinho.online\\\/arquitetura\\\/escritorio-de-advocacia-com-toque-moderno-e-humanizado\\\/#primaryimage\"},\"thumbnailUrl\":\"https:\\\/\\\/otaviocoutinho.online\\\/arquitetura\\\/wp-content\\\/uploads\\\/2024\\\/05\\\/escritorio-de-advocacia-300x300-imagem-destacada.jpg\",\"articleSection\":[\"Blog\"],\"inLanguage\":\"en-US\",\"potentialAction\":[{\"@type\":\"CommentAction\",\"name\":\"Comment\",\"target\":[\"https:\\\/\\\/otaviocoutinho.online\\\/arquitetura\\\/escritorio-de-advocacia-com-toque-moderno-e-humanizado\\\/#respond\"]}]},{\"@type\":\"WebPage\",\"@id\":\"https:\\\/\\\/otaviocoutinho.online\\\/arquitetura\\\/escritorio-de-advocacia-com-toque-moderno-e-humanizado\\\/\",\"url\":\"https:\\\/\\\/otaviocoutinho.online\\\/arquitetura\\\/escritorio-de-advocacia-com-toque-moderno-e-humanizado\\\/\",\"name\":\"Escrit\u00f3rio de advocacia com toque moderno e humanizado - ARQ E URB\",\"isPartOf\":{\"@id\":\"https:\\\/\\\/otaviocoutinho.online\\\/arquitetura\\\/#website\"},\"primaryImageOfPage\":{\"@id\":\"https:\\\/\\\/otaviocoutinho.online\\\/arquitetura\\\/escritorio-de-advocacia-com-toque-moderno-e-humanizado\\\/#primaryimage\"},\"image\":{\"@id\":\"https:\\\/\\\/otaviocoutinho.online\\\/arquitetura\\\/escritorio-de-advocacia-com-toque-moderno-e-humanizado\\\/#primaryimage\"},\"thumbnailUrl\":\"https:\\\/\\\/otaviocoutinho.online\\\/arquitetura\\\/wp-content\\\/uploads\\\/2024\\\/05\\\/escritorio-de-advocacia-300x300-imagem-destacada.jpg\",\"datePublished\":\"2024-05-14T09:39:42+00:00\",\"dateModified\":\"2024-05-14T09:56:08+00:00\",\"breadcrumb\":{\"@id\":\"https:\\\/\\\/otaviocoutinho.online\\\/arquitetura\\\/escritorio-de-advocacia-com-toque-moderno-e-humanizado\\\/#breadcrumb\"},\"inLanguage\":\"en-US\",\"potentialAction\":[{\"@type\":\"ReadAction\",\"target\":[\"https:\\\/\\\/otaviocoutinho.online\\\/arquitetura\\\/escritorio-de-advocacia-com-toque-moderno-e-humanizado\\\/\"]}]},{\"@type\":\"ImageObject\",\"inLanguage\":\"en-US\",\"@id\":\"https:\\\/\\\/otaviocoutinho.online\\\/arquitetura\\\/escritorio-de-advocacia-com-toque-moderno-e-humanizado\\\/#primaryimage\",\"url\":\"https:\\\/\\\/otaviocoutinho.online\\\/arquitetura\\\/wp-content\\\/uploads\\\/2024\\\/05\\\/escritorio-de-advocacia-300x300-imagem-destacada.jpg\",\"contentUrl\":\"https:\\\/\\\/otaviocoutinho.online\\\/arquitetura\\\/wp-content\\\/uploads\\\/2024\\\/05\\\/escritorio-de-advocacia-300x300-imagem-destacada.jpg\",\"width\":300,\"height\":300},{\"@type\":\"BreadcrumbList\",\"@id\":\"https:\\\/\\\/otaviocoutinho.online\\\/arquitetura\\\/escritorio-de-advocacia-com-toque-moderno-e-humanizado\\\/#breadcrumb\",\"itemListElement\":[{\"@type\":\"ListItem\",\"position\":1,\"name\":\"In\u00edcio\",\"item\":\"https:\\\/\\\/otaviocoutinho.online\\\/arquitetura\\\/\"},{\"@type\":\"ListItem\",\"position\":2,\"name\":\"Escrit\u00f3rio de advocacia com toque moderno e humanizado\"}]},{\"@type\":\"WebSite\",\"@id\":\"https:\\\/\\\/otaviocoutinho.online\\\/arquitetura\\\/#website\",\"url\":\"https:\\\/\\\/otaviocoutinho.online\\\/arquitetura\\\/\",\"name\":\"ARQ E URB\",\"description\":\"Est\u00fadio de Arquitetura &amp; Urbanismo\",\"publisher\":{\"@id\":\"https:\\\/\\\/otaviocoutinho.online\\\/arquitetura\\\/#organization\"},\"potentialAction\":[{\"@type\":\"SearchAction\",\"target\":{\"@type\":\"EntryPoint\",\"urlTemplate\":\"https:\\\/\\\/otaviocoutinho.online\\\/arquitetura\\\/?s={search_term_string}\"},\"query-input\":{\"@type\":\"PropertyValueSpecification\",\"valueRequired\":true,\"valueName\":\"search_term_string\"}}],\"inLanguage\":\"en-US\"},{\"@type\":\"Organization\",\"@id\":\"https:\\\/\\\/otaviocoutinho.online\\\/arquitetura\\\/#organization\",\"name\":\"ARQ E URB\",\"url\":\"https:\\\/\\\/otaviocoutinho.online\\\/arquitetura\\\/\",\"logo\":{\"@type\":\"ImageObject\",\"inLanguage\":\"en-US\",\"@id\":\"https:\\\/\\\/otaviocoutinho.online\\\/arquitetura\\\/#\\\/schema\\\/logo\\\/image\\\/\",\"url\":\"https:\\\/\\\/otaviocoutinho.online\\\/arquitetura\\\/wp-content\\\/uploads\\\/2024\\\/05\\\/cropped-arqurb.png\",\"contentUrl\":\"https:\\\/\\\/otaviocoutinho.online\\\/arquitetura\\\/wp-content\\\/uploads\\\/2024\\\/05\\\/cropped-arqurb.png\",\"width\":1080,\"height\":1080,\"caption\":\"ARQ E URB\"},\"image\":{\"@id\":\"https:\\\/\\\/otaviocoutinho.online\\\/arquitetura\\\/#\\\/schema\\\/logo\\\/image\\\/\"}},{\"@type\":\"Person\",\"@id\":\"https:\\\/\\\/otaviocoutinho.online\\\/arquitetura\\\/#\\\/schema\\\/person\\\/de8c8db014a361702724914604fe5d53\",\"name\":\"otgoias\",\"image\":{\"@type\":\"ImageObject\",\"inLanguage\":\"en-US\",\"@id\":\"https:\\\/\\\/secure.gravatar.com\\\/avatar\\\/7ee942894aae052661cbb0279c4a287815ad063b5be78de3927bcb42a05eb657?s=96&d=mm&r=g\",\"url\":\"https:\\\/\\\/secure.gravatar.com\\\/avatar\\\/7ee942894aae052661cbb0279c4a287815ad063b5be78de3927bcb42a05eb657?s=96&d=mm&r=g\",\"contentUrl\":\"https:\\\/\\\/secure.gravatar.com\\\/avatar\\\/7ee942894aae052661cbb0279c4a287815ad063b5be78de3927bcb42a05eb657?s=96&d=mm&r=g\",\"caption\":\"otgoias\"},\"sameAs\":[\"https:\\\/\\\/otaviocoutinho.online\\\/arquitetura\"],\"url\":\"https:\\\/\\\/otaviocoutinho.online\\\/arquitetura\\\/author\\\/otgoias\\\/\"}]}<\/script>\n<!-- \/ Yoast SEO plugin. -->","yoast_head_json":{"title":"Escrit\u00f3rio de advocacia com toque moderno e humanizado - ARQ E URB","robots":{"index":"index","follow":"follow","max-snippet":"max-snippet:-1","max-image-preview":"max-image-preview:large","max-video-preview":"max-video-preview:-1"},"canonical":"https:\/\/otaviocoutinho.online\/arquitetura\/escritorio-de-advocacia-com-toque-moderno-e-humanizado\/","og_locale":"en_US","og_type":"article","og_title":"Escrit\u00f3rio de advocacia com toque moderno e humanizado - ARQ E URB","og_description":"Certos espa\u00e7os possuem uma identidade inconfund\u00edvel, evocando sensa\u00e7\u00f5es espec\u00edficas em seus frequentadores.","og_url":"https:\/\/otaviocoutinho.online\/arquitetura\/escritorio-de-advocacia-com-toque-moderno-e-humanizado\/","og_site_name":"ARQ E URB","article_published_time":"2024-05-14T09:39:42+00:00","article_modified_time":"2024-05-14T09:56:08+00:00","og_image":[{"width":300,"height":300,"url":"https:\/\/otaviocoutinho.online\/arquitetura\/wp-content\/uploads\/2024\/05\/escritorio-de-advocacia-300x300-imagem-destacada.jpg","type":"image\/jpeg"}],"author":"otgoias","twitter_card":"summary_large_image","twitter_misc":{"Written by":"otgoias","Est. reading time":"2 minutes"},"schema":{"@context":"https:\/\/schema.org","@graph":[{"@type":"Article","@id":"https:\/\/otaviocoutinho.online\/arquitetura\/escritorio-de-advocacia-com-toque-moderno-e-humanizado\/#article","isPartOf":{"@id":"https:\/\/otaviocoutinho.online\/arquitetura\/escritorio-de-advocacia-com-toque-moderno-e-humanizado\/"},"author":{"name":"otgoias","@id":"https:\/\/otaviocoutinho.online\/arquitetura\/#\/schema\/person\/de8c8db014a361702724914604fe5d53"},"headline":"Escrit\u00f3rio de advocacia com toque moderno e humanizado","datePublished":"2024-05-14T09:39:42+00:00","dateModified":"2024-05-14T09:56:08+00:00","mainEntityOfPage":{"@id":"https:\/\/otaviocoutinho.online\/arquitetura\/escritorio-de-advocacia-com-toque-moderno-e-humanizado\/"},"wordCount":218,"commentCount":0,"publisher":{"@id":"https:\/\/otaviocoutinho.online\/arquitetura\/#organization"},"image":{"@id":"https:\/\/otaviocoutinho.online\/arquitetura\/escritorio-de-advocacia-com-toque-moderno-e-humanizado\/#primaryimage"},"thumbnailUrl":"https:\/\/otaviocoutinho.online\/arquitetura\/wp-content\/uploads\/2024\/05\/escritorio-de-advocacia-300x300-imagem-destacada.jpg","articleSection":["Blog"],"inLanguage":"en-US","potentialAction":[{"@type":"CommentAction","name":"Comment","target":["https:\/\/otaviocoutinho.online\/arquitetura\/escritorio-de-advocacia-com-toque-moderno-e-humanizado\/#respond"]}]},{"@type":"WebPage","@id":"https:\/\/otaviocoutinho.online\/arquitetura\/escritorio-de-advocacia-com-toque-moderno-e-humanizado\/","url":"https:\/\/otaviocoutinho.online\/arquitetura\/escritorio-de-advocacia-com-toque-moderno-e-humanizado\/","name":"Escrit\u00f3rio de advocacia com toque moderno e humanizado - ARQ E URB","isPartOf":{"@id":"https:\/\/otaviocoutinho.online\/arquitetura\/#website"},"primaryImageOfPage":{"@id":"https:\/\/otaviocoutinho.online\/arquitetura\/escritorio-de-advocacia-com-toque-moderno-e-humanizado\/#primaryimage"},"image":{"@id":"https:\/\/otaviocoutinho.online\/arquitetura\/escritorio-de-advocacia-com-toque-moderno-e-humanizado\/#primaryimage"},"thumbnailUrl":"https:\/\/otaviocoutinho.online\/arquitetura\/wp-content\/uploads\/2024\/05\/escritorio-de-advocacia-300x300-imagem-destacada.jpg","datePublished":"2024-05-14T09:39:42+00:00","dateModified":"2024-05-14T09:56:08+00:00","breadcrumb":{"@id":"https:\/\/otaviocoutinho.online\/arquitetura\/escritorio-de-advocacia-com-toque-moderno-e-humanizado\/#breadcrumb"},"inLanguage":"en-US","potentialAction":[{"@type":"ReadAction","target":["https:\/\/otaviocoutinho.online\/arquitetura\/escritorio-de-advocacia-com-toque-moderno-e-humanizado\/"]}]},{"@type":"ImageObject","inLanguage":"en-US","@id":"https:\/\/otaviocoutinho.online\/arquitetura\/escritorio-de-advocacia-com-toque-moderno-e-humanizado\/#primaryimage","url":"https:\/\/otaviocoutinho.online\/arquitetura\/wp-content\/uploads\/2024\/05\/escritorio-de-advocacia-300x300-imagem-destacada.jpg","contentUrl":"https:\/\/otaviocoutinho.online\/arquitetura\/wp-content\/uploads\/2024\/05\/escritorio-de-advocacia-300x300-imagem-destacada.jpg","width":300,"height":300},{"@type":"BreadcrumbList","@id":"https:\/\/otaviocoutinho.online\/arquitetura\/escritorio-de-advocacia-com-toque-moderno-e-humanizado\/#breadcrumb","itemListElement":[{"@type":"ListItem","position":1,"name":"In\u00edcio","item":"https:\/\/otaviocoutinho.online\/arquitetura\/"},{"@type":"ListItem","position":2,"name":"Escrit\u00f3rio de advocacia com toque moderno e humanizado"}]},{"@type":"WebSite","@id":"https:\/\/otaviocoutinho.online\/arquitetura\/#website","url":"https:\/\/otaviocoutinho.online\/arquitetura\/","name":"ARQ E URB","description":"Est\u00fadio de Arquitetura &amp; Urbanismo","publisher":{"@id":"https:\/\/otaviocoutinho.online\/arquitetura\/#organization"},"potentialAction":[{"@type":"SearchAction","target":{"@type":"EntryPoint","urlTemplate":"https:\/\/otaviocoutinho.online\/arquitetura\/?s={search_term_string}"},"query-input":{"@type":"PropertyValueSpecification","valueRequired":true,"valueName":"search_term_string"}}],"inLanguage":"en-US"},{"@type":"Organization","@id":"https:\/\/otaviocoutinho.online\/arquitetura\/#organization","name":"ARQ E URB","url":"https:\/\/otaviocoutinho.online\/arquitetura\/","logo":{"@type":"ImageObject","inLanguage":"en-US","@id":"https:\/\/otaviocoutinho.online\/arquitetura\/#\/schema\/logo\/image\/","url":"https:\/\/otaviocoutinho.online\/arquitetura\/wp-content\/uploads\/2024\/05\/cropped-arqurb.png","contentUrl":"https:\/\/otaviocoutinho.online\/arquitetura\/wp-content\/uploads\/2024\/05\/cropped-arqurb.png","width":1080,"height":1080,"caption":"ARQ E URB"},"image":{"@id":"https:\/\/otaviocoutinho.online\/arquitetura\/#\/schema\/logo\/image\/"}},{"@type":"Person","@id":"https:\/\/otaviocoutinho.online\/arquitetura\/#\/schema\/person\/de8c8db014a361702724914604fe5d53","name":"otgoias","image":{"@type":"ImageObject","inLanguage":"en-US","@id":"https:\/\/secure.gravatar.com\/avatar\/7ee942894aae052661cbb0279c4a287815ad063b5be78de3927bcb42a05eb657?s=96&d=mm&r=g","url":"https:\/\/secure.gravatar.com\/avatar\/7ee942894aae052661cbb0279c4a287815ad063b5be78de3927bcb42a05eb657?s=96&d=mm&r=g","contentUrl":"https:\/\/secure.gravatar.com\/avatar\/7ee942894aae052661cbb0279c4a287815ad063b5be78de3927bcb42a05eb657?s=96&d=mm&r=g","caption":"otgoias"},"sameAs":["https:\/\/otaviocoutinho.online\/arquitetura"],"url":"https:\/\/otaviocoutinho.online\/arquitetura\/author\/otgoias\/"}]}},"_links":{"self":[{"href":"https:\/\/otaviocoutinho.online\/arquitetura\/wp-json\/wp\/v2\/posts\/909","targetHints":{"allow":["GET"]}}],"collection":[{"href":"https:\/\/otaviocoutinho.online\/arquitetura\/wp-json\/wp\/v2\/posts"}],"about":[{"href":"https:\/\/otaviocoutinho.online\/arquitetura\/wp-json\/wp\/v2\/types\/post"}],"author":[{"embeddable":true,"href":"https:\/\/otaviocoutinho.online\/arquitetura\/wp-json\/wp\/v2\/users\/1"}],"replies":[{"embeddable":true,"href":"https:\/\/otaviocoutinho.online\/arquitetura\/wp-json\/wp\/v2\/comments?post=909"}],"version-history":[{"count":8,"href":"https:\/\/otaviocoutinho.online\/arquitetura\/wp-json\/wp\/v2\/posts\/909\/revisions"}],"predecessor-version":[{"id":929,"href":"https:\/\/otaviocoutinho.online\/arquitetura\/wp-json\/wp\/v2\/posts\/909\/revisions\/929"}],"wp:featuredmedia":[{"embeddable":true,"href":"https:\/\/otaviocoutinho.online\/arquitetura\/wp-json\/wp\/v2\/media\/910"}],"wp:attachment":[{"href":"https:\/\/otaviocoutinho.online\/arquitetura\/wp-json\/wp\/v2\/media?parent=909"}],"wp:term":[{"taxonomy":"category","embeddable":true,"href":"https:\/\/otaviocoutinho.online\/arquitetura\/wp-json\/wp\/v2\/categories?post=909"},{"taxonomy":"post_tag","embeddable":true,"href":"https:\/\/otaviocoutinho.online\/arquitetura\/wp-json\/wp\/v2\/tags?post=909"}],"curies":[{"name":"wp","href":"https:\/\/api.w.org\/{rel}","templated":true}]}}